{"id":2004,"date":"2021-05-17T13:49:09","date_gmt":"2021-05-17T13:49:09","guid":{"rendered":"https:\/\/new.zubakgrupa.hr\/blog\/jan-gospodnetic-zadnji-auto-koji-sam-osigurao-bio-je-vrijedan-malo-manje-od-2-milijuna-kuna-srecom-sam-od-tvrtke-za-vikend-dobio-audi-q8-za-utjehu\/"},"modified":"2022-04-14T06:50:10","modified_gmt":"2022-04-14T06:50:10","slug":"family-weekend-trip-to-the-island-of-krk-with-audi-q8","status":"publish","type":"blog","link":"https:\/\/www.zubakgrupa.hr\/en\/blog\/family-weekend-trip-to-the-island-of-krk-with-audi-q8\/","title":{"rendered":"Family weekend trip to the island of Krk with Audi Q8"},"content":{"rendered":"<p>When we were thinking at the beginning of spring who we would fulfill, and who had shown a high level of collegiality and business results for the previous period, we unanimously concluded that this is our Jan! Jan Gospodneti\u0107, a senior representative in the ORYX Insurance Agency, has been with the company for almost 7 years, during which time he insured thousands of vehicles, homes, movables, boats &#8211; and one helicopter! A private lover of driving and fast cars, we knew that the Audi Q8 from the Zubak Group fleet is the ideal choice for a family weekend trip to the island of Krk.<\/p>\n<p style=\"text-align: center;\"><img decoding=\"async\" class=\"fr-fic fr-dii\" src=\"https:\/\/adoptoprod.blob.core.windows.net\/careers\/feed0877-2d65-424c-a1ca-c480daf43875.jpeg\" \/><\/p>\n<p><strong>Jan, how are you satisfied with the Audi Q8?\u00a0<\/strong><br \/>\nGreat! My wish was literally fulfilled because, working in the Audi showroom in Sesvete, I watch that car every day, and the flat highway from Zagreb to the sea was my ideal polygon. I was with my wife and kids, so of course it didn\u2019t over-squeeze the gas, but just enough to test all of Audi\u2019s power. We also drove through Gorski Kotar, so I tried it in, so to speak, winter conditions.<\/p>\n<p><strong>Apart from the speed, is the interior also interesting?\u00a0<\/strong><br \/>\nOh, yes! Display, electronics, gadgets &#8230; They completely won me over! Both the BMW and Mercedes are beautiful on the outside, but the interior of the Audi is two classes higher!<\/p>\n<p style=\"text-align: center;\"><img decoding=\"async\" class=\"fr-fic fr-dii\" src=\"https:\/\/adoptoprod.blob.core.windows.net\/careers\/58a84055-6e29-4b23-9359-581375dffd8d.jpeg\" width=\"100%\" height=\"100%\" \/><\/p>\n<p>&nbsp;<\/p>\n<p><strong>When did your business journey at Zubak Group begin?<\/strong><br \/>\nI remember exactly the day &#8211; he was on July 1, 2014. My mentor for the first month, two was a colleague Mario Pi\u0161telek, who now works at ORYX as an insurance distribution coordinator. He came to Sesvete from the branch office in Velika Gorica to introduce me to the business.<\/p>\n<p><strong>How is your typical day at work?<\/strong><br \/>\nEvery day I send dozens of offers for new and used vehicles. Also, online inquiries on the web are very common. By the way, in my career I have even secured one helicopter! The last vehicle I provided was an Audi RS6 Avant worth HRK 1,800,000! I was caught in the teeth only near him, luckily I got an Audi Q8 from the company for the weekend for comfort, haha!<\/p>\n<p><strong>What do you think sets Zubak Group apart from other companies?<\/strong><br \/>\nThe atmosphere is better, lighter. My boss Marina Samard\u017ei\u0107 gives us full trust and support and we know that we can always turn to her for help, advice or just to get rid of worries. Since we are all big workaholics in the company, we always go beyond our plans, so the work atmosphere is always up to standard. Of course, since ORYX Insurance Representation is a separate business entity from the rest of the group, we are not objective because we are one small class. As a team, we jump in and help each other.<\/p>\n<p><strong>What is it like working with clients in the Covid-period?\/<\/strong><br \/>\nWe adjusted quickly! Working from home was challenging for us, because a large number of permanent policyholders have already been taught to extend their insurance policies to the doorstep. They even came to me in front of the building in lockdown. Although we introduced e-shelf work before the pandemic, many loyal policyholders like to have a paper shelf in hand. I love my job and with a team like this, no day is difficult for me.<\/p>\n<p><img decoding=\"async\" class=\"fr-fic fr-dii\" src=\"https:\/\/adoptoprod.blob.core.windows.net\/careers\/6c25b272-49d6-4968-8ee7-23291b961f5e.jpeg\" width=\"100%\" height=\"100%\" \/><\/p>\n","protected":false},"excerpt":{"rendered":"<p>When we were thinking at the beginning of spring who we would fulfill, and who had shown a high level of collegiality and business results for the previous period, we unanimously concluded that this is our Jan! Jan Gospodneti\u0107, a senior representative in the ORYX Insurance Agency, has been with the company for almost 7 [&hellip;]<\/p>\n","protected":false},"featured_media":1347,"parent":0,"menu_order":0,"template":"","class_list":["post-2004","blog","type-blog","status-publish","has-post-thumbnail","hentry"],"acf":[],"yoast_head":"<!-- This site is optimized with the Yoast SEO plugin v26.1.1 - https:\/\/yoast.com\/wordpress\/plugins\/seo\/ -->\n<title>Family weekend trip to the island of Krk with Audi Q8 | Zubak Grupa<\/title>\n<meta name=\"robots\" content=\"index, follow, max-snippet:-1, max-image-preview:large, max-video-preview:-1\" \/>\n<link rel=\"canonical\" href=\"https:\/\/www.zubakgrupa.hr\/en\/blog\/family-weekend-trip-to-the-island-of-krk-with-audi-q8\/\" \/>\n<meta property=\"og:locale\" content=\"en_US\" \/>\n<meta property=\"og:type\" content=\"article\" \/>\n<meta property=\"og:title\" content=\"Family weekend trip to the island of Krk with Audi Q8 | Zubak Grupa\" \/>\n<meta property=\"og:description\" content=\"When we were thinking at the beginning of spring who we would fulfill, and who had shown a high level of collegiality and business results for the previous period, we unanimously concluded that this is our Jan! Jan Gospodneti\u0107, a senior representative in the ORYX Insurance Agency, has been with the company for almost 7 [&hellip;]\" \/>\n<meta property=\"og:url\" content=\"https:\/\/www.zubakgrupa.hr\/en\/blog\/family-weekend-trip-to-the-island-of-krk-with-audi-q8\/\" \/>\n<meta property=\"og:site_name\" content=\"Zubak Grupa\" \/>\n<meta property=\"article:modified_time\" content=\"2022-04-14T06:50:10+00:00\" \/>\n<meta property=\"og:image\" content=\"http:\/\/www.zubakgrupa.hr\/wp-content\/uploads\/2022\/04\/070420221649320063-1024x538.png\" \/>\n\t<meta property=\"og:image:width\" content=\"1024\" \/>\n\t<meta property=\"og:image:height\" content=\"538\" \/>\n\t<meta property=\"og:image:type\" content=\"image\/png\" \/>\n<meta name=\"twitter:card\" content=\"summary_large_image\" \/>\n<meta name=\"twitter:label1\" content=\"Est. reading time\" \/>\n\t<meta name=\"twitter:data1\" content=\"4 minutes\" \/>\n<script type=\"application\/ld+json\" class=\"yoast-schema-graph\">{\"@context\":\"https:\/\/schema.org\",\"@graph\":[{\"@type\":\"WebPage\",\"@id\":\"https:\/\/www.zubakgrupa.hr\/en\/blog\/family-weekend-trip-to-the-island-of-krk-with-audi-q8\/\",\"url\":\"https:\/\/www.zubakgrupa.hr\/en\/blog\/family-weekend-trip-to-the-island-of-krk-with-audi-q8\/\",\"name\":\"Family weekend trip to the island of Krk with Audi Q8 | Zubak Grupa\",\"isPartOf\":{\"@id\":\"https:\/\/www.zubakgrupa.hr\/#website\"},\"primaryImageOfPage\":{\"@id\":\"https:\/\/www.zubakgrupa.hr\/en\/blog\/family-weekend-trip-to-the-island-of-krk-with-audi-q8\/#primaryimage\"},\"image\":{\"@id\":\"https:\/\/www.zubakgrupa.hr\/en\/blog\/family-weekend-trip-to-the-island-of-krk-with-audi-q8\/#primaryimage\"},\"thumbnailUrl\":\"https:\/\/www.zubakgrupa.hr\/wp-content\/uploads\/2022\/04\/070420221649320063.png\",\"datePublished\":\"2021-05-17T13:49:09+00:00\",\"dateModified\":\"2022-04-14T06:50:10+00:00\",\"breadcrumb\":{\"@id\":\"https:\/\/www.zubakgrupa.hr\/en\/blog\/family-weekend-trip-to-the-island-of-krk-with-audi-q8\/#breadcrumb\"},\"inLanguage\":\"en-US\",\"potentialAction\":[{\"@type\":\"ReadAction\",\"target\":[\"https:\/\/www.zubakgrupa.hr\/en\/blog\/family-weekend-trip-to-the-island-of-krk-with-audi-q8\/\"]}]},{\"@type\":\"ImageObject\",\"inLanguage\":\"en-US\",\"@id\":\"https:\/\/www.zubakgrupa.hr\/en\/blog\/family-weekend-trip-to-the-island-of-krk-with-audi-q8\/#primaryimage\",\"url\":\"https:\/\/www.zubakgrupa.hr\/wp-content\/uploads\/2022\/04\/070420221649320063.png\",\"contentUrl\":\"https:\/\/www.zubakgrupa.hr\/wp-content\/uploads\/2022\/04\/070420221649320063.png\",\"width\":4032,\"height\":2117},{\"@type\":\"BreadcrumbList\",\"@id\":\"https:\/\/www.zubakgrupa.hr\/en\/blog\/family-weekend-trip-to-the-island-of-krk-with-audi-q8\/#breadcrumb\",\"itemListElement\":[{\"@type\":\"ListItem\",\"position\":1,\"name\":\"Po\u010detna stranica\",\"item\":\"https:\/\/www.zubakgrupa.hr\/en\/\"},{\"@type\":\"ListItem\",\"position\":2,\"name\":\"Family weekend trip to the island of Krk with Audi Q8\"}]},{\"@type\":\"WebSite\",\"@id\":\"https:\/\/www.zubakgrupa.hr\/#website\",\"url\":\"https:\/\/www.zubakgrupa.hr\/\",\"name\":\"Zubak Grupa\",\"description\":\"Zubak Grupa zapo\u010dela je radom prije vi\u0161e od 40 godina kao mala automehani\u010darska radionica, a danas broji vi\u0161e od 600 zaposlenika...\",\"publisher\":{\"@id\":\"https:\/\/www.zubakgrupa.hr\/#organization\"},\"potentialAction\":[{\"@type\":\"SearchAction\",\"target\":{\"@type\":\"EntryPoint\",\"urlTemplate\":\"https:\/\/www.zubakgrupa.hr\/?s={search_term_string}\"},\"query-input\":{\"@type\":\"PropertyValueSpecification\",\"valueRequired\":true,\"valueName\":\"search_term_string\"}}],\"inLanguage\":\"en-US\"},{\"@type\":\"Organization\",\"@id\":\"https:\/\/www.zubakgrupa.hr\/#organization\",\"name\":\"Zubak Grupa\",\"url\":\"https:\/\/www.zubakgrupa.hr\/\",\"logo\":{\"@type\":\"ImageObject\",\"inLanguage\":\"en-US\",\"@id\":\"https:\/\/www.zubakgrupa.hr\/#\/schema\/logo\/image\/\",\"url\":\"https:\/\/www.zubakgrupa.hr\/wp-content\/uploads\/2022\/04\/Zubak_Grupa.png\",\"contentUrl\":\"https:\/\/www.zubakgrupa.hr\/wp-content\/uploads\/2022\/04\/Zubak_Grupa.png\",\"width\":1366,\"height\":768,\"caption\":\"Zubak Grupa\"},\"image\":{\"@id\":\"https:\/\/www.zubakgrupa.hr\/#\/schema\/logo\/image\/\"}}]}<\/script>\n<!-- \/ Yoast SEO plugin. -->","yoast_head_json":{"title":"Family weekend trip to the island of Krk with Audi Q8 | Zubak Grupa","robots":{"index":"index","follow":"follow","max-snippet":"max-snippet:-1","max-image-preview":"max-image-preview:large","max-video-preview":"max-video-preview:-1"},"canonical":"https:\/\/www.zubakgrupa.hr\/en\/blog\/family-weekend-trip-to-the-island-of-krk-with-audi-q8\/","og_locale":"en_US","og_type":"article","og_title":"Family weekend trip to the island of Krk with Audi Q8 | Zubak Grupa","og_description":"When we were thinking at the beginning of spring who we would fulfill, and who had shown a high level of collegiality and business results for the previous period, we unanimously concluded that this is our Jan! Jan Gospodneti\u0107, a senior representative in the ORYX Insurance Agency, has been with the company for almost 7 [&hellip;]","og_url":"https:\/\/www.zubakgrupa.hr\/en\/blog\/family-weekend-trip-to-the-island-of-krk-with-audi-q8\/","og_site_name":"Zubak Grupa","article_modified_time":"2022-04-14T06:50:10+00:00","og_image":[{"width":1024,"height":538,"url":"http:\/\/www.zubakgrupa.hr\/wp-content\/uploads\/2022\/04\/070420221649320063-1024x538.png","type":"image\/png"}],"twitter_card":"summary_large_image","twitter_misc":{"Est. reading time":"4 minutes"},"schema":{"@context":"https:\/\/schema.org","@graph":[{"@type":"WebPage","@id":"https:\/\/www.zubakgrupa.hr\/en\/blog\/family-weekend-trip-to-the-island-of-krk-with-audi-q8\/","url":"https:\/\/www.zubakgrupa.hr\/en\/blog\/family-weekend-trip-to-the-island-of-krk-with-audi-q8\/","name":"Family weekend trip to the island of Krk with Audi Q8 | Zubak Grupa","isPartOf":{"@id":"https:\/\/www.zubakgrupa.hr\/#website"},"primaryImageOfPage":{"@id":"https:\/\/www.zubakgrupa.hr\/en\/blog\/family-weekend-trip-to-the-island-of-krk-with-audi-q8\/#primaryimage"},"image":{"@id":"https:\/\/www.zubakgrupa.hr\/en\/blog\/family-weekend-trip-to-the-island-of-krk-with-audi-q8\/#primaryimage"},"thumbnailUrl":"https:\/\/www.zubakgrupa.hr\/wp-content\/uploads\/2022\/04\/070420221649320063.png","datePublished":"2021-05-17T13:49:09+00:00","dateModified":"2022-04-14T06:50:10+00:00","breadcrumb":{"@id":"https:\/\/www.zubakgrupa.hr\/en\/blog\/family-weekend-trip-to-the-island-of-krk-with-audi-q8\/#breadcrumb"},"inLanguage":"en-US","potentialAction":[{"@type":"ReadAction","target":["https:\/\/www.zubakgrupa.hr\/en\/blog\/family-weekend-trip-to-the-island-of-krk-with-audi-q8\/"]}]},{"@type":"ImageObject","inLanguage":"en-US","@id":"https:\/\/www.zubakgrupa.hr\/en\/blog\/family-weekend-trip-to-the-island-of-krk-with-audi-q8\/#primaryimage","url":"https:\/\/www.zubakgrupa.hr\/wp-content\/uploads\/2022\/04\/070420221649320063.png","contentUrl":"https:\/\/www.zubakgrupa.hr\/wp-content\/uploads\/2022\/04\/070420221649320063.png","width":4032,"height":2117},{"@type":"BreadcrumbList","@id":"https:\/\/www.zubakgrupa.hr\/en\/blog\/family-weekend-trip-to-the-island-of-krk-with-audi-q8\/#breadcrumb","itemListElement":[{"@type":"ListItem","position":1,"name":"Po\u010detna stranica","item":"https:\/\/www.zubakgrupa.hr\/en\/"},{"@type":"ListItem","position":2,"name":"Family weekend trip to the island of Krk with Audi Q8"}]},{"@type":"WebSite","@id":"https:\/\/www.zubakgrupa.hr\/#website","url":"https:\/\/www.zubakgrupa.hr\/","name":"Zubak Grupa","description":"Zubak Grupa zapo\u010dela je radom prije vi\u0161e od 40 godina kao mala automehani\u010darska radionica, a danas broji vi\u0161e od 600 zaposlenika...","publisher":{"@id":"https:\/\/www.zubakgrupa.hr\/#organization"},"potentialAction":[{"@type":"SearchAction","target":{"@type":"EntryPoint","urlTemplate":"https:\/\/www.zubakgrupa.hr\/?s={search_term_string}"},"query-input":{"@type":"PropertyValueSpecification","valueRequired":true,"valueName":"search_term_string"}}],"inLanguage":"en-US"},{"@type":"Organization","@id":"https:\/\/www.zubakgrupa.hr\/#organization","name":"Zubak Grupa","url":"https:\/\/www.zubakgrupa.hr\/","logo":{"@type":"ImageObject","inLanguage":"en-US","@id":"https:\/\/www.zubakgrupa.hr\/#\/schema\/logo\/image\/","url":"https:\/\/www.zubakgrupa.hr\/wp-content\/uploads\/2022\/04\/Zubak_Grupa.png","contentUrl":"https:\/\/www.zubakgrupa.hr\/wp-content\/uploads\/2022\/04\/Zubak_Grupa.png","width":1366,"height":768,"caption":"Zubak Grupa"},"image":{"@id":"https:\/\/www.zubakgrupa.hr\/#\/schema\/logo\/image\/"}}]}},"_links":{"self":[{"href":"https:\/\/www.zubakgrupa.hr\/en\/wp-json\/wp\/v2\/blog\/2004","targetHints":{"allow":["GET"]}}],"collection":[{"href":"https:\/\/www.zubakgrupa.hr\/en\/wp-json\/wp\/v2\/blog"}],"about":[{"href":"https:\/\/www.zubakgrupa.hr\/en\/wp-json\/wp\/v2\/types\/blog"}],"wp:featuredmedia":[{"embeddable":true,"href":"https:\/\/www.zubakgrupa.hr\/en\/wp-json\/wp\/v2\/media\/1347"}],"wp:attachment":[{"href":"https:\/\/www.zubakgrupa.hr\/en\/wp-json\/wp\/v2\/media?parent=2004"}],"curies":[{"name":"wp","href":"https:\/\/api.w.org\/{rel}","templated":true}]}}