{"id":2017,"date":"2022-01-25T13:51:43","date_gmt":"2022-01-25T13:51:43","guid":{"rendered":"https:\/\/new.zubakgrupa.hr\/blog\/poslovni-put-ines-je-odrasla-u-zubak-grupi-i-broji-18-godina\/"},"modified":"2022-04-12T06:58:46","modified_gmt":"2022-04-12T06:58:46","slug":"poslovni-put-ines-je-odrasla-u-zubak-grupi-i-broji-18-godina","status":"publish","type":"blog","link":"https:\/\/www.zubakgrupa.hr\/en\/blog\/poslovni-put-ines-je-odrasla-u-zubak-grupi-i-broji-18-godina\/","title":{"rendered":"Ines grew up in the Zubak Group and is 18 years old!"},"content":{"rendered":"<p>We talked to <\/strong> Ines \u0160ari\u0107 <\/strong>, Deputy Head of the Property Management Department at AutoZubak Sesvetski Kraljevec, who came to the company as a student and stayed &#8211; for 18 years!<\/p>\n<p><strong> How did your business start? <\/strong><br \/>\nI was born in Zagreb where I graduated from two faculties; Faculty of Traffic Sciences and the College of Economics, and towards the end of my studies I was looking for a job, just to make money. I came to AutoZubak in January 2004 through the Student Service, and my job was to enter data into a new HR program. My mother, who is now retired, worked at AutoZubak. After three months I got a job and &#8211; stayed.<\/p>\n<p><strong>What is your secret for good work? <\/strong><br \/>\nOrganization, organization, organization. The job I am currently doing is very fulfilling for me and it suits me. I am positioned in Sesvetski Kraljevec and I am the link between the Management and the branch. I coordinate a team of about ten people and the organization is my primary business and private priority. I have to coordinate well the needs and desires of my children, as well as the whole team of people at work, which is not always an easy thing.<\/p>\n<p><strong> What has changed the most since you started? <\/strong><br \/>\nWell, first of all, I wasn\u2019t the mother of triplets hahaha! The atmosphere at work used to be more relaxed, we were young and had time. And since I became a mother of three, I have to organize myself well both at home and at work.<\/p>\n<p><strong> How\u2019s with the triples? <\/strong><br \/>\nMia, Franka and Gabriel were born in the 34th week, and are now happy and active 11-year-olds with their great characters, curious inquiries. Every day with them is a new opportunity to learn patience, organization and uncompromising love. I have two hands, and there are three of them, so at the beginning we all jumped in to help. I think they helped me a lot to get organized in business.<\/p>\n<p style=\"text-align: center;\"><img decoding=\"async\" class=\"fr-fic fr-dii\" src=\"https:\/\/adoptoprod.blob.core.windows.net\/careers\/b54551ea-cfe4-4ad3-be9b-fffc2a586817.jpeg\" width=\"100%\" height=\"100%\"\/><\/p>\n<p><strong> Which position do you remember the most? <\/strong><br \/>\nIn my career since 2004, I have changed several jobs: in 2004 I was a business secretary in the Management Office, in 2009 I was promoted to the Human Resources Department, then I worked as an occupational safety expert and head of the asset management region. Deputy Head of the Asset Management Department. The position that has remained in my fondest memory is probably that of a business secretary in the Office of the Management, very probably because of my youth and madness, without some big worries\u2026<\/p>\n<p><strong> How is the atmosphere at work? <\/strong><br \/>\nI grew up in this company, I acquired all the work habits, this company made me the person I am. The best proof that I am satisfied at work is that it has not occurred to me in my entire career to look for another job. I don\u2019t even have a resume, haha! The people I work with have become my friends, godparents, real family. I work for the company as if it were mine, and I come to work without stomach cramps and I am really looking forward to all the new challenges.<\/p>\n<p><strong>Colleagues about Ines:<\/strong><\/em><\/p>\n<p>Mother of three beautiful children, entrepreneurial, fast, collegial, friend &#8230;! &#8211; <em>Dubravko Skender<\/em><\/p>\n<p>Diligent, experienced, true professional, she solves everything with a smile on her face! Our \u0160ari\u0107ka is irreplaceable! &#8211; <em>Maja Aleri\u0107 Gregurek<\/em><\/p>\n<p>An excellent colleague, a shoulder to cry on, an ear to listen to, my centripetal force in the business circle. An excellent driver with a certificate for transporting people with insurmountable fear of the road. &#8211; <em>Marina Bazijanec<\/em><\/p>\n","protected":false},"excerpt":{"rendered":"<p>We talked to Ines \u0160ari\u0107 , Deputy Head of the Property Management Department at AutoZubak Sesvetski Kraljevec, who came to the company as a student and stayed &#8211; for 18 years! How did your business start? I was born in Zagreb where I graduated from two faculties; Faculty of Traffic Sciences and the College of [&hellip;]<\/p>\n","protected":false},"featured_media":1308,"parent":0,"menu_order":0,"template":"","class_list":["post-2017","blog","type-blog","status-publish","has-post-thumbnail","hentry"],"acf":[],"yoast_head":"<!-- This site is optimized with the Yoast SEO plugin v26.1.1 - https:\/\/yoast.com\/wordpress\/plugins\/seo\/ -->\n<title>Ines grew up in the Zubak Group and is 18 years old! | Zubak Grupa<\/title>\n<meta name=\"robots\" content=\"index, follow, max-snippet:-1, max-image-preview:large, max-video-preview:-1\" \/>\n<link rel=\"canonical\" href=\"https:\/\/www.zubakgrupa.hr\/en\/blog\/poslovni-put-ines-je-odrasla-u-zubak-grupi-i-broji-18-godina\/\" \/>\n<meta property=\"og:locale\" content=\"en_US\" \/>\n<meta property=\"og:type\" content=\"article\" \/>\n<meta property=\"og:title\" content=\"Ines grew up in the Zubak Group and is 18 years old! | Zubak Grupa\" \/>\n<meta property=\"og:description\" content=\"We talked to Ines \u0160ari\u0107 , Deputy Head of the Property Management Department at AutoZubak Sesvetski Kraljevec, who came to the company as a student and stayed &#8211; for 18 years! How did your business start? I was born in Zagreb where I graduated from two faculties; Faculty of Traffic Sciences and the College of [&hellip;]\" \/>\n<meta property=\"og:url\" content=\"https:\/\/www.zubakgrupa.hr\/en\/blog\/poslovni-put-ines-je-odrasla-u-zubak-grupi-i-broji-18-godina\/\" \/>\n<meta property=\"og:site_name\" content=\"Zubak Grupa\" \/>\n<meta property=\"article:modified_time\" content=\"2022-04-12T06:58:46+00:00\" \/>\n<meta property=\"og:image\" content=\"http:\/\/www.zubakgrupa.hr\/wp-content\/uploads\/2022\/04\/070420221649320008.png\" \/>\n\t<meta property=\"og:image:width\" content=\"800\" \/>\n\t<meta property=\"og:image:height\" content=\"420\" \/>\n\t<meta property=\"og:image:type\" content=\"image\/png\" \/>\n<meta name=\"twitter:card\" content=\"summary_large_image\" \/>\n<meta name=\"twitter:label1\" content=\"Est. reading time\" \/>\n\t<meta name=\"twitter:data1\" content=\"3 minutes\" \/>\n<script type=\"application\/ld+json\" class=\"yoast-schema-graph\">{\"@context\":\"https:\/\/schema.org\",\"@graph\":[{\"@type\":\"WebPage\",\"@id\":\"https:\/\/www.zubakgrupa.hr\/en\/blog\/poslovni-put-ines-je-odrasla-u-zubak-grupi-i-broji-18-godina\/\",\"url\":\"https:\/\/www.zubakgrupa.hr\/en\/blog\/poslovni-put-ines-je-odrasla-u-zubak-grupi-i-broji-18-godina\/\",\"name\":\"Ines grew up in the Zubak Group and is 18 years old! | Zubak Grupa\",\"isPartOf\":{\"@id\":\"https:\/\/www.zubakgrupa.hr\/#website\"},\"primaryImageOfPage\":{\"@id\":\"https:\/\/www.zubakgrupa.hr\/en\/blog\/poslovni-put-ines-je-odrasla-u-zubak-grupi-i-broji-18-godina\/#primaryimage\"},\"image\":{\"@id\":\"https:\/\/www.zubakgrupa.hr\/en\/blog\/poslovni-put-ines-je-odrasla-u-zubak-grupi-i-broji-18-godina\/#primaryimage\"},\"thumbnailUrl\":\"https:\/\/www.zubakgrupa.hr\/wp-content\/uploads\/2022\/04\/070420221649320008.png\",\"datePublished\":\"2022-01-25T13:51:43+00:00\",\"dateModified\":\"2022-04-12T06:58:46+00:00\",\"breadcrumb\":{\"@id\":\"https:\/\/www.zubakgrupa.hr\/en\/blog\/poslovni-put-ines-je-odrasla-u-zubak-grupi-i-broji-18-godina\/#breadcrumb\"},\"inLanguage\":\"en-US\",\"potentialAction\":[{\"@type\":\"ReadAction\",\"target\":[\"https:\/\/www.zubakgrupa.hr\/en\/blog\/poslovni-put-ines-je-odrasla-u-zubak-grupi-i-broji-18-godina\/\"]}]},{\"@type\":\"ImageObject\",\"inLanguage\":\"en-US\",\"@id\":\"https:\/\/www.zubakgrupa.hr\/en\/blog\/poslovni-put-ines-je-odrasla-u-zubak-grupi-i-broji-18-godina\/#primaryimage\",\"url\":\"https:\/\/www.zubakgrupa.hr\/wp-content\/uploads\/2022\/04\/070420221649320008.png\",\"contentUrl\":\"https:\/\/www.zubakgrupa.hr\/wp-content\/uploads\/2022\/04\/070420221649320008.png\",\"width\":800,\"height\":420},{\"@type\":\"BreadcrumbList\",\"@id\":\"https:\/\/www.zubakgrupa.hr\/en\/blog\/poslovni-put-ines-je-odrasla-u-zubak-grupi-i-broji-18-godina\/#breadcrumb\",\"itemListElement\":[{\"@type\":\"ListItem\",\"position\":1,\"name\":\"Po\u010detna stranica\",\"item\":\"https:\/\/www.zubakgrupa.hr\/en\/\"},{\"@type\":\"ListItem\",\"position\":2,\"name\":\"Ines grew up in the Zubak Group and is 18 years old!\"}]},{\"@type\":\"WebSite\",\"@id\":\"https:\/\/www.zubakgrupa.hr\/#website\",\"url\":\"https:\/\/www.zubakgrupa.hr\/\",\"name\":\"Zubak Grupa\",\"description\":\"Zubak Grupa zapo\u010dela je radom prije vi\u0161e od 40 godina kao mala automehani\u010darska radionica, a danas broji vi\u0161e od 600 zaposlenika...\",\"publisher\":{\"@id\":\"https:\/\/www.zubakgrupa.hr\/#organization\"},\"potentialAction\":[{\"@type\":\"SearchAction\",\"target\":{\"@type\":\"EntryPoint\",\"urlTemplate\":\"https:\/\/www.zubakgrupa.hr\/?s={search_term_string}\"},\"query-input\":{\"@type\":\"PropertyValueSpecification\",\"valueRequired\":true,\"valueName\":\"search_term_string\"}}],\"inLanguage\":\"en-US\"},{\"@type\":\"Organization\",\"@id\":\"https:\/\/www.zubakgrupa.hr\/#organization\",\"name\":\"Zubak Grupa\",\"url\":\"https:\/\/www.zubakgrupa.hr\/\",\"logo\":{\"@type\":\"ImageObject\",\"inLanguage\":\"en-US\",\"@id\":\"https:\/\/www.zubakgrupa.hr\/#\/schema\/logo\/image\/\",\"url\":\"https:\/\/www.zubakgrupa.hr\/wp-content\/uploads\/2022\/04\/Zubak_Grupa.png\",\"contentUrl\":\"https:\/\/www.zubakgrupa.hr\/wp-content\/uploads\/2022\/04\/Zubak_Grupa.png\",\"width\":1366,\"height\":768,\"caption\":\"Zubak Grupa\"},\"image\":{\"@id\":\"https:\/\/www.zubakgrupa.hr\/#\/schema\/logo\/image\/\"}}]}<\/script>\n<!-- \/ Yoast SEO plugin. -->","yoast_head_json":{"title":"Ines grew up in the Zubak Group and is 18 years old! | Zubak Grupa","robots":{"index":"index","follow":"follow","max-snippet":"max-snippet:-1","max-image-preview":"max-image-preview:large","max-video-preview":"max-video-preview:-1"},"canonical":"https:\/\/www.zubakgrupa.hr\/en\/blog\/poslovni-put-ines-je-odrasla-u-zubak-grupi-i-broji-18-godina\/","og_locale":"en_US","og_type":"article","og_title":"Ines grew up in the Zubak Group and is 18 years old! | Zubak Grupa","og_description":"We talked to Ines \u0160ari\u0107 , Deputy Head of the Property Management Department at AutoZubak Sesvetski Kraljevec, who came to the company as a student and stayed &#8211; for 18 years! How did your business start? I was born in Zagreb where I graduated from two faculties; Faculty of Traffic Sciences and the College of [&hellip;]","og_url":"https:\/\/www.zubakgrupa.hr\/en\/blog\/poslovni-put-ines-je-odrasla-u-zubak-grupi-i-broji-18-godina\/","og_site_name":"Zubak Grupa","article_modified_time":"2022-04-12T06:58:46+00:00","og_image":[{"width":800,"height":420,"url":"http:\/\/www.zubakgrupa.hr\/wp-content\/uploads\/2022\/04\/070420221649320008.png","type":"image\/png"}],"twitter_card":"summary_large_image","twitter_misc":{"Est. reading time":"3 minutes"},"schema":{"@context":"https:\/\/schema.org","@graph":[{"@type":"WebPage","@id":"https:\/\/www.zubakgrupa.hr\/en\/blog\/poslovni-put-ines-je-odrasla-u-zubak-grupi-i-broji-18-godina\/","url":"https:\/\/www.zubakgrupa.hr\/en\/blog\/poslovni-put-ines-je-odrasla-u-zubak-grupi-i-broji-18-godina\/","name":"Ines grew up in the Zubak Group and is 18 years old! | Zubak Grupa","isPartOf":{"@id":"https:\/\/www.zubakgrupa.hr\/#website"},"primaryImageOfPage":{"@id":"https:\/\/www.zubakgrupa.hr\/en\/blog\/poslovni-put-ines-je-odrasla-u-zubak-grupi-i-broji-18-godina\/#primaryimage"},"image":{"@id":"https:\/\/www.zubakgrupa.hr\/en\/blog\/poslovni-put-ines-je-odrasla-u-zubak-grupi-i-broji-18-godina\/#primaryimage"},"thumbnailUrl":"https:\/\/www.zubakgrupa.hr\/wp-content\/uploads\/2022\/04\/070420221649320008.png","datePublished":"2022-01-25T13:51:43+00:00","dateModified":"2022-04-12T06:58:46+00:00","breadcrumb":{"@id":"https:\/\/www.zubakgrupa.hr\/en\/blog\/poslovni-put-ines-je-odrasla-u-zubak-grupi-i-broji-18-godina\/#breadcrumb"},"inLanguage":"en-US","potentialAction":[{"@type":"ReadAction","target":["https:\/\/www.zubakgrupa.hr\/en\/blog\/poslovni-put-ines-je-odrasla-u-zubak-grupi-i-broji-18-godina\/"]}]},{"@type":"ImageObject","inLanguage":"en-US","@id":"https:\/\/www.zubakgrupa.hr\/en\/blog\/poslovni-put-ines-je-odrasla-u-zubak-grupi-i-broji-18-godina\/#primaryimage","url":"https:\/\/www.zubakgrupa.hr\/wp-content\/uploads\/2022\/04\/070420221649320008.png","contentUrl":"https:\/\/www.zubakgrupa.hr\/wp-content\/uploads\/2022\/04\/070420221649320008.png","width":800,"height":420},{"@type":"BreadcrumbList","@id":"https:\/\/www.zubakgrupa.hr\/en\/blog\/poslovni-put-ines-je-odrasla-u-zubak-grupi-i-broji-18-godina\/#breadcrumb","itemListElement":[{"@type":"ListItem","position":1,"name":"Po\u010detna stranica","item":"https:\/\/www.zubakgrupa.hr\/en\/"},{"@type":"ListItem","position":2,"name":"Ines grew up in the Zubak Group and is 18 years old!"}]},{"@type":"WebSite","@id":"https:\/\/www.zubakgrupa.hr\/#website","url":"https:\/\/www.zubakgrupa.hr\/","name":"Zubak Grupa","description":"Zubak Grupa zapo\u010dela je radom prije vi\u0161e od 40 godina kao mala automehani\u010darska radionica, a danas broji vi\u0161e od 600 zaposlenika...","publisher":{"@id":"https:\/\/www.zubakgrupa.hr\/#organization"},"potentialAction":[{"@type":"SearchAction","target":{"@type":"EntryPoint","urlTemplate":"https:\/\/www.zubakgrupa.hr\/?s={search_term_string}"},"query-input":{"@type":"PropertyValueSpecification","valueRequired":true,"valueName":"search_term_string"}}],"inLanguage":"en-US"},{"@type":"Organization","@id":"https:\/\/www.zubakgrupa.hr\/#organization","name":"Zubak Grupa","url":"https:\/\/www.zubakgrupa.hr\/","logo":{"@type":"ImageObject","inLanguage":"en-US","@id":"https:\/\/www.zubakgrupa.hr\/#\/schema\/logo\/image\/","url":"https:\/\/www.zubakgrupa.hr\/wp-content\/uploads\/2022\/04\/Zubak_Grupa.png","contentUrl":"https:\/\/www.zubakgrupa.hr\/wp-content\/uploads\/2022\/04\/Zubak_Grupa.png","width":1366,"height":768,"caption":"Zubak Grupa"},"image":{"@id":"https:\/\/www.zubakgrupa.hr\/#\/schema\/logo\/image\/"}}]}},"_links":{"self":[{"href":"https:\/\/www.zubakgrupa.hr\/en\/wp-json\/wp\/v2\/blog\/2017","targetHints":{"allow":["GET"]}}],"collection":[{"href":"https:\/\/www.zubakgrupa.hr\/en\/wp-json\/wp\/v2\/blog"}],"about":[{"href":"https:\/\/www.zubakgrupa.hr\/en\/wp-json\/wp\/v2\/types\/blog"}],"wp:featuredmedia":[{"embeddable":true,"href":"https:\/\/www.zubakgrupa.hr\/en\/wp-json\/wp\/v2\/media\/1308"}],"wp:attachment":[{"href":"https:\/\/www.zubakgrupa.hr\/en\/wp-json\/wp\/v2\/media?parent=2017"}],"curies":[{"name":"wp","href":"https:\/\/api.w.org\/{rel}","templated":true}]}}