{"id":30069,"date":"2023-05-17T10:26:35","date_gmt":"2023-05-17T10:26:35","guid":{"rendered":"https:\/\/www.zubakgrupa.hr\/blog\/ajdin-memisevic-karatist-velikog-srca-oryx-asistencije\/"},"modified":"2023-05-17T11:19:16","modified_gmt":"2023-05-17T11:19:16","slug":"ajdin-memisevic-karate-guy-oryx-assistance","status":"publish","type":"blog","link":"https:\/\/www.zubakgrupa.hr\/en\/blog\/ajdin-memisevic-karate-guy-oryx-assistance\/","title":{"rendered":"Ajdin Memi\u0161evi\u0107, ORYX Assistance&#8217; kind hearted karate guy"},"content":{"rendered":"<p>All business success is preceded by personal success. So imagine our happiness when our ORYX Assistance got upgraded by Ajdin Memi\u0161evi\u0107, a former successful karate player. Ajdin has been tackling and battling in the sales department of ORYX Assistance Bosnia and Herzegovina since 2020 and we couldn&#8217;t be more proud.<\/p>\n<p>Aside from his excellent sales skills, few people know that this 32-year old Sarajevo native used to do karate, winning awards at that! We sat down with him a few days ago to find out all about that.<\/p>\n<p><strong>Ajdin, how did you take up karate and why specifically karate?<\/strong><\/p>\n<p>I started karate at the age of 9, thanks to Bruce Lee and Jackie Chan movies, and my father.<\/p>\n<p>My father also loved martial arts, he recognized that in me early on and enrolled me in classes. Why karate, you ask? Well, apart from sports, it teaches children discipline, self-control, perseverance and intuition. It turned out that my dad recognized his son&#8217;s talent, because eventually I became the national karate champion, the Balkan champion, won bronze at the USA Open in Las Vegas, and I also won fifth place at the European Championship.<\/p>\n<p><strong><img loading=\"lazy\" decoding=\"async\" class=\"alignnone  wp-image-30067\" src=\"https:\/\/www.zubakgrupa.hr\/wp-content\/uploads\/2023\/05\/PXL_150622_94073487-1024x682.jpg\" alt=\"\" width=\"686\" height=\"457\" srcset=\"https:\/\/www.zubakgrupa.hr\/wp-content\/uploads\/2023\/05\/PXL_150622_94073487-1024x682.jpg 1024w, https:\/\/www.zubakgrupa.hr\/wp-content\/uploads\/2023\/05\/PXL_150622_94073487-300x200.jpg 300w, https:\/\/www.zubakgrupa.hr\/wp-content\/uploads\/2023\/05\/PXL_150622_94073487-768x512.jpg 768w, https:\/\/www.zubakgrupa.hr\/wp-content\/uploads\/2023\/05\/PXL_150622_94073487-1536x1024.jpg 1536w, https:\/\/www.zubakgrupa.hr\/wp-content\/uploads\/2023\/05\/PXL_150622_94073487-135x90.jpg 135w, https:\/\/www.zubakgrupa.hr\/wp-content\/uploads\/2023\/05\/PXL_150622_94073487-200x133.jpg 200w, https:\/\/www.zubakgrupa.hr\/wp-content\/uploads\/2023\/05\/PXL_150622_94073487-85x57.jpg 85w, https:\/\/www.zubakgrupa.hr\/wp-content\/uploads\/2023\/05\/PXL_150622_94073487-845x563.jpg 845w, https:\/\/www.zubakgrupa.hr\/wp-content\/uploads\/2023\/05\/PXL_150622_94073487.jpg 2000w\" sizes=\"auto, (max-width: 686px) 100vw, 686px\" \/><br \/>\nAre you still competing?<\/strong><\/p>\n<p>No, I haven&#8217;t competed in years. Sometimes I miss it, it&#8217;s hard to get rid of that routine. That&#8217;s why, even now, I sometimes go to practice, for the soul, and do training with the first competitive team in the club, not at full strength, but just so that I can defend myself.<\/p>\n<p><strong>Now you are training new generations.<\/strong><\/p>\n<p>That. I started working at the Champion karate club as a coach with younger selections back in 2005. In the beginning, I only assisted, and later I took over the selections. This fulfills me, I am happy with the successes of my students, both in sports and in life, many of them today are hardworking, honest and exemplary athletes, pupils and students.<\/p>\n<p><img loading=\"lazy\" decoding=\"async\" class=\"alignnone  wp-image-30063\" src=\"https:\/\/www.zubakgrupa.hr\/wp-content\/uploads\/2023\/05\/fsters-902x1024.jpg\" alt=\"\" width=\"599\" height=\"680\" srcset=\"https:\/\/www.zubakgrupa.hr\/wp-content\/uploads\/2023\/05\/fsters-902x1024.jpg 902w, https:\/\/www.zubakgrupa.hr\/wp-content\/uploads\/2023\/05\/fsters-264x300.jpg 264w, https:\/\/www.zubakgrupa.hr\/wp-content\/uploads\/2023\/05\/fsters-768x871.jpg 768w, https:\/\/www.zubakgrupa.hr\/wp-content\/uploads\/2023\/05\/fsters-1354x1536.jpg 1354w, https:\/\/www.zubakgrupa.hr\/wp-content\/uploads\/2023\/05\/fsters-79x90.jpg 79w, https:\/\/www.zubakgrupa.hr\/wp-content\/uploads\/2023\/05\/fsters-117x133.jpg 117w, https:\/\/www.zubakgrupa.hr\/wp-content\/uploads\/2023\/05\/fsters-75x85.jpg 75w, https:\/\/www.zubakgrupa.hr\/wp-content\/uploads\/2023\/05\/fsters-560x635.jpg 560w, https:\/\/www.zubakgrupa.hr\/wp-content\/uploads\/2023\/05\/fsters-300x340.jpg 300w, https:\/\/www.zubakgrupa.hr\/wp-content\/uploads\/2023\/05\/fsters.jpg 1410w\" sizes=\"auto, (max-width: 599px) 100vw, 599px\" \/><\/p>\n<p><strong>Given that your father instilled in you a love for karate, do you see this tradition continuing with your own kids?<\/strong><\/p>\n<p>I hope so. My two-year-old is still small, he can only start training at the age of 4, but I just &#8220;know&#8221; he will follow in my footsteps. \ud83d\ude0a Blood is thicker than water. But no matter what he chooses, I&#8217;m here for him!<\/p>\n<p>&nbsp;<\/p>\n<p><em><strong>What other colleagues say about Ajdin<\/strong><\/em><\/p>\n<ul>\n<li><em>Ajdin very quickly grasped and took over the strings of the BiH market, and his partners immediately accepted him. The fact that he is detailed and organized contributes the most to his results.<\/em> (Goran Jovanovi\u0107)<\/li>\n<li><em>In the sales business, Ajdin successfully combines competition, persistence, patience and reaction speed\u00a0from his days of doing karate. When you add to that a 2-meter-tall man, Sarajevo soul, Bosnian charm and awesome sense of humor, that&#8217;s the winning combination right there!<\/em> (Mate Petrovi\u0107)<\/li>\n<li><em>It is a great pleasure to work with such a great guy, who is not only great in appearance, but more importantly has a great heart! Always a positive character, easy to work with and a lot of fun. And the most important thing, there is always someone to defend us.<\/em> (Kire Hristovski)<\/li>\n<li><em>My go-to person and karate guy! Ajdin is a man with big muscles and an even bigger heart! After 4 months of living together in Zagreb, we created a friendship for life!<\/em> (Marko Stani\u0161i\u0107)<\/li>\n<\/ul>\n<p><img loading=\"lazy\" decoding=\"async\" class=\"alignnone size-large wp-image-30061\" src=\"https:\/\/www.zubakgrupa.hr\/wp-content\/uploads\/2023\/05\/fdgr-367x1024.jpg\" alt=\"\" width=\"367\" height=\"1024\" srcset=\"https:\/\/www.zubakgrupa.hr\/wp-content\/uploads\/2023\/05\/fdgr-367x1024.jpg 367w, https:\/\/www.zubakgrupa.hr\/wp-content\/uploads\/2023\/05\/fdgr-107x300.jpg 107w, https:\/\/www.zubakgrupa.hr\/wp-content\/uploads\/2023\/05\/fdgr-32x90.jpg 32w, https:\/\/www.zubakgrupa.hr\/wp-content\/uploads\/2023\/05\/fdgr-48x133.jpg 48w, https:\/\/www.zubakgrupa.hr\/wp-content\/uploads\/2023\/05\/fdgr-30x85.jpg 30w, https:\/\/www.zubakgrupa.hr\/wp-content\/uploads\/2023\/05\/fdgr-228x635.jpg 228w, https:\/\/www.zubakgrupa.hr\/wp-content\/uploads\/2023\/05\/fdgr-300x837.jpg 300w, https:\/\/www.zubakgrupa.hr\/wp-content\/uploads\/2023\/05\/fdgr.jpg 383w\" sizes=\"auto, (max-width: 367px) 100vw, 367px\" \/><\/p>\n<p><img loading=\"lazy\" decoding=\"async\" class=\"size-large wp-image-30065\" src=\"https:\/\/www.zubakgrupa.hr\/wp-content\/uploads\/2023\/05\/PXL_150622_94073483-copy-1024x682.jpg\" alt=\"\" width=\"1024\" height=\"682\" srcset=\"https:\/\/www.zubakgrupa.hr\/wp-content\/uploads\/2023\/05\/PXL_150622_94073483-copy-1024x682.jpg 1024w, https:\/\/www.zubakgrupa.hr\/wp-content\/uploads\/2023\/05\/PXL_150622_94073483-copy-300x200.jpg 300w, https:\/\/www.zubakgrupa.hr\/wp-content\/uploads\/2023\/05\/PXL_150622_94073483-copy-768x512.jpg 768w, https:\/\/www.zubakgrupa.hr\/wp-content\/uploads\/2023\/05\/PXL_150622_94073483-copy-1536x1024.jpg 1536w, https:\/\/www.zubakgrupa.hr\/wp-content\/uploads\/2023\/05\/PXL_150622_94073483-copy-135x90.jpg 135w, https:\/\/www.zubakgrupa.hr\/wp-content\/uploads\/2023\/05\/PXL_150622_94073483-copy-200x133.jpg 200w, https:\/\/www.zubakgrupa.hr\/wp-content\/uploads\/2023\/05\/PXL_150622_94073483-copy-85x57.jpg 85w, https:\/\/www.zubakgrupa.hr\/wp-content\/uploads\/2023\/05\/PXL_150622_94073483-copy-845x563.jpg 845w, https:\/\/www.zubakgrupa.hr\/wp-content\/uploads\/2023\/05\/PXL_150622_94073483-copy.jpg 2000w\" sizes=\"auto, (max-width: 1024px) 100vw, 1024px\" \/><\/p>\n<p><img loading=\"lazy\" decoding=\"async\" class=\"alignnone size-large wp-image-30059\" src=\"https:\/\/www.zubakgrupa.hr\/wp-content\/uploads\/2023\/05\/ajdin-349x1024.jpg\" alt=\"\" width=\"349\" height=\"1024\" srcset=\"https:\/\/www.zubakgrupa.hr\/wp-content\/uploads\/2023\/05\/ajdin-349x1024.jpg 349w, https:\/\/www.zubakgrupa.hr\/wp-content\/uploads\/2023\/05\/ajdin-102x300.jpg 102w, https:\/\/www.zubakgrupa.hr\/wp-content\/uploads\/2023\/05\/ajdin-524x1536.jpg 524w, https:\/\/www.zubakgrupa.hr\/wp-content\/uploads\/2023\/05\/ajdin-31x90.jpg 31w, https:\/\/www.zubakgrupa.hr\/wp-content\/uploads\/2023\/05\/ajdin-45x133.jpg 45w, https:\/\/www.zubakgrupa.hr\/wp-content\/uploads\/2023\/05\/ajdin-29x85.jpg 29w, https:\/\/www.zubakgrupa.hr\/wp-content\/uploads\/2023\/05\/ajdin-300x879.jpg 300w, https:\/\/www.zubakgrupa.hr\/wp-content\/uploads\/2023\/05\/ajdin.jpg 546w\" sizes=\"auto, (max-width: 349px) 100vw, 349px\" \/><\/p>\n<p><img loading=\"lazy\" decoding=\"async\" class=\"alignnone size-large wp-image-30067\" src=\"https:\/\/www.zubakgrupa.hr\/wp-content\/uploads\/2023\/05\/PXL_150622_94073487-1024x682.jpg\" alt=\"\" width=\"1024\" height=\"682\" srcset=\"https:\/\/www.zubakgrupa.hr\/wp-content\/uploads\/2023\/05\/PXL_150622_94073487-1024x682.jpg 1024w, https:\/\/www.zubakgrupa.hr\/wp-content\/uploads\/2023\/05\/PXL_150622_94073487-300x200.jpg 300w, https:\/\/www.zubakgrupa.hr\/wp-content\/uploads\/2023\/05\/PXL_150622_94073487-768x512.jpg 768w, https:\/\/www.zubakgrupa.hr\/wp-content\/uploads\/2023\/05\/PXL_150622_94073487-1536x1024.jpg 1536w, https:\/\/www.zubakgrupa.hr\/wp-content\/uploads\/2023\/05\/PXL_150622_94073487-135x90.jpg 135w, https:\/\/www.zubakgrupa.hr\/wp-content\/uploads\/2023\/05\/PXL_150622_94073487-200x133.jpg 200w, https:\/\/www.zubakgrupa.hr\/wp-content\/uploads\/2023\/05\/PXL_150622_94073487-85x57.jpg 85w, https:\/\/www.zubakgrupa.hr\/wp-content\/uploads\/2023\/05\/PXL_150622_94073487-845x563.jpg 845w, https:\/\/www.zubakgrupa.hr\/wp-content\/uploads\/2023\/05\/PXL_150622_94073487.jpg 2000w\" sizes=\"auto, (max-width: 1024px) 100vw, 1024px\" \/><\/p>\n<p>&nbsp;<\/p>\n<p>&nbsp;<\/p>\n","protected":false},"excerpt":{"rendered":"<p>All business success is preceded by personal success. So imagine our happiness when our ORYX Assistance got upgraded by Ajdin Memi\u0161evi\u0107, a former successful karate player. Ajdin has been tackling and battling in the sales department of ORYX Assistance Bosnia and Herzegovina since 2020 and we couldn&#8217;t be more proud. Aside from his excellent sales [&hellip;]<\/p>\n","protected":false},"featured_media":30067,"parent":0,"menu_order":0,"template":"","class_list":["post-30069","blog","type-blog","status-publish","has-post-thumbnail","hentry"],"acf":[],"yoast_head":"<!-- This site is optimized with the Yoast SEO plugin v26.1.1 - https:\/\/yoast.com\/wordpress\/plugins\/seo\/ -->\n<title>Ajdin Memi\u0161evi\u0107, ORYX Assistance&#039; kind hearted karate guy | Zubak Grupa<\/title>\n<meta name=\"description\" content=\"Osim odli\u010dnih prodajnih sposobnosti, malo tko zna da je ovaj 32-godi\u0161nji Sarajlija biv\u0161i karatist, i to nagra\u0111ivani! Sjeli smo s njim jedan dan i saznali \u0161to ga pokre\u0107e.\" \/>\n<meta name=\"robots\" content=\"index, follow, max-snippet:-1, max-image-preview:large, max-video-preview:-1\" \/>\n<link rel=\"canonical\" href=\"https:\/\/www.zubakgrupa.hr\/en\/blog\/ajdin-memisevic-karate-guy-oryx-assistance\/\" \/>\n<meta property=\"og:locale\" content=\"en_US\" \/>\n<meta property=\"og:type\" content=\"article\" \/>\n<meta property=\"og:title\" content=\"Ajdin Memi\u0161evi\u0107, ORYX Assistance&#039; kind hearted karate guy | Zubak Grupa\" \/>\n<meta property=\"og:description\" content=\"Osim odli\u010dnih prodajnih sposobnosti, malo tko zna da je ovaj 32-godi\u0161nji Sarajlija biv\u0161i karatist, i to nagra\u0111ivani! Sjeli smo s njim jedan dan i saznali \u0161to ga pokre\u0107e.\" \/>\n<meta property=\"og:url\" content=\"https:\/\/www.zubakgrupa.hr\/en\/blog\/ajdin-memisevic-karate-guy-oryx-assistance\/\" \/>\n<meta property=\"og:site_name\" content=\"Zubak Grupa\" \/>\n<meta property=\"article:modified_time\" content=\"2023-05-17T11:19:16+00:00\" \/>\n<meta property=\"og:image\" content=\"https:\/\/www.zubakgrupa.hr\/wp-content\/uploads\/2023\/05\/PXL_150622_94073483-copy.jpg\" \/>\n\t<meta property=\"og:image:width\" content=\"2000\" \/>\n\t<meta property=\"og:image:height\" content=\"1333\" \/>\n\t<meta property=\"og:image:type\" content=\"image\/jpeg\" \/>\n<meta name=\"twitter:card\" content=\"summary_large_image\" \/>\n<meta name=\"twitter:label1\" content=\"Est. reading time\" \/>\n\t<meta name=\"twitter:data1\" content=\"4 minutes\" \/>\n<script type=\"application\/ld+json\" class=\"yoast-schema-graph\">{\"@context\":\"https:\/\/schema.org\",\"@graph\":[{\"@type\":\"WebPage\",\"@id\":\"https:\/\/www.zubakgrupa.hr\/en\/blog\/ajdin-memisevic-karate-guy-oryx-assistance\/\",\"url\":\"https:\/\/www.zubakgrupa.hr\/en\/blog\/ajdin-memisevic-karate-guy-oryx-assistance\/\",\"name\":\"Ajdin Memi\u0161evi\u0107, ORYX Assistance' kind hearted karate guy | Zubak Grupa\",\"isPartOf\":{\"@id\":\"https:\/\/www.zubakgrupa.hr\/#website\"},\"primaryImageOfPage\":{\"@id\":\"https:\/\/www.zubakgrupa.hr\/en\/blog\/ajdin-memisevic-karate-guy-oryx-assistance\/#primaryimage\"},\"image\":{\"@id\":\"https:\/\/www.zubakgrupa.hr\/en\/blog\/ajdin-memisevic-karate-guy-oryx-assistance\/#primaryimage\"},\"thumbnailUrl\":\"https:\/\/www.zubakgrupa.hr\/wp-content\/uploads\/2023\/05\/PXL_150622_94073487.jpg\",\"datePublished\":\"2023-05-17T10:26:35+00:00\",\"dateModified\":\"2023-05-17T11:19:16+00:00\",\"description\":\"Osim odli\u010dnih prodajnih sposobnosti, malo tko zna da je ovaj 32-godi\u0161nji Sarajlija biv\u0161i karatist, i to nagra\u0111ivani! Sjeli smo s njim jedan dan i saznali \u0161to ga pokre\u0107e.\",\"breadcrumb\":{\"@id\":\"https:\/\/www.zubakgrupa.hr\/en\/blog\/ajdin-memisevic-karate-guy-oryx-assistance\/#breadcrumb\"},\"inLanguage\":\"en-US\",\"potentialAction\":[{\"@type\":\"ReadAction\",\"target\":[\"https:\/\/www.zubakgrupa.hr\/en\/blog\/ajdin-memisevic-karate-guy-oryx-assistance\/\"]}]},{\"@type\":\"ImageObject\",\"inLanguage\":\"en-US\",\"@id\":\"https:\/\/www.zubakgrupa.hr\/en\/blog\/ajdin-memisevic-karate-guy-oryx-assistance\/#primaryimage\",\"url\":\"https:\/\/www.zubakgrupa.hr\/wp-content\/uploads\/2023\/05\/PXL_150622_94073487.jpg\",\"contentUrl\":\"https:\/\/www.zubakgrupa.hr\/wp-content\/uploads\/2023\/05\/PXL_150622_94073487.jpg\",\"width\":2000,\"height\":1333},{\"@type\":\"BreadcrumbList\",\"@id\":\"https:\/\/www.zubakgrupa.hr\/en\/blog\/ajdin-memisevic-karate-guy-oryx-assistance\/#breadcrumb\",\"itemListElement\":[{\"@type\":\"ListItem\",\"position\":1,\"name\":\"Po\u010detna stranica\",\"item\":\"https:\/\/www.zubakgrupa.hr\/en\/\"},{\"@type\":\"ListItem\",\"position\":2,\"name\":\"Ajdin Memi\u0161evi\u0107, ORYX Assistance&#8217; kind hearted karate guy\"}]},{\"@type\":\"WebSite\",\"@id\":\"https:\/\/www.zubakgrupa.hr\/#website\",\"url\":\"https:\/\/www.zubakgrupa.hr\/\",\"name\":\"Zubak Grupa\",\"description\":\"Zubak Grupa zapo\u010dela je radom prije vi\u0161e od 40 godina kao mala automehani\u010darska radionica, a danas broji vi\u0161e od 600 zaposlenika...\",\"publisher\":{\"@id\":\"https:\/\/www.zubakgrupa.hr\/#organization\"},\"potentialAction\":[{\"@type\":\"SearchAction\",\"target\":{\"@type\":\"EntryPoint\",\"urlTemplate\":\"https:\/\/www.zubakgrupa.hr\/?s={search_term_string}\"},\"query-input\":{\"@type\":\"PropertyValueSpecification\",\"valueRequired\":true,\"valueName\":\"search_term_string\"}}],\"inLanguage\":\"en-US\"},{\"@type\":\"Organization\",\"@id\":\"https:\/\/www.zubakgrupa.hr\/#organization\",\"name\":\"Zubak Grupa\",\"url\":\"https:\/\/www.zubakgrupa.hr\/\",\"logo\":{\"@type\":\"ImageObject\",\"inLanguage\":\"en-US\",\"@id\":\"https:\/\/www.zubakgrupa.hr\/#\/schema\/logo\/image\/\",\"url\":\"https:\/\/www.zubakgrupa.hr\/wp-content\/uploads\/2022\/04\/Zubak_Grupa.png\",\"contentUrl\":\"https:\/\/www.zubakgrupa.hr\/wp-content\/uploads\/2022\/04\/Zubak_Grupa.png\",\"width\":1366,\"height\":768,\"caption\":\"Zubak Grupa\"},\"image\":{\"@id\":\"https:\/\/www.zubakgrupa.hr\/#\/schema\/logo\/image\/\"}}]}<\/script>\n<!-- \/ Yoast SEO plugin. -->","yoast_head_json":{"title":"Ajdin Memi\u0161evi\u0107, ORYX Assistance' kind hearted karate guy | Zubak Grupa","description":"Osim odli\u010dnih prodajnih sposobnosti, malo tko zna da je ovaj 32-godi\u0161nji Sarajlija biv\u0161i karatist, i to nagra\u0111ivani! Sjeli smo s njim jedan dan i saznali \u0161to ga pokre\u0107e.","robots":{"index":"index","follow":"follow","max-snippet":"max-snippet:-1","max-image-preview":"max-image-preview:large","max-video-preview":"max-video-preview:-1"},"canonical":"https:\/\/www.zubakgrupa.hr\/en\/blog\/ajdin-memisevic-karate-guy-oryx-assistance\/","og_locale":"en_US","og_type":"article","og_title":"Ajdin Memi\u0161evi\u0107, ORYX Assistance' kind hearted karate guy | Zubak Grupa","og_description":"Osim odli\u010dnih prodajnih sposobnosti, malo tko zna da je ovaj 32-godi\u0161nji Sarajlija biv\u0161i karatist, i to nagra\u0111ivani! Sjeli smo s njim jedan dan i saznali \u0161to ga pokre\u0107e.","og_url":"https:\/\/www.zubakgrupa.hr\/en\/blog\/ajdin-memisevic-karate-guy-oryx-assistance\/","og_site_name":"Zubak Grupa","article_modified_time":"2023-05-17T11:19:16+00:00","og_image":[{"width":2000,"height":1333,"url":"https:\/\/www.zubakgrupa.hr\/wp-content\/uploads\/2023\/05\/PXL_150622_94073483-copy.jpg","type":"image\/jpeg"}],"twitter_card":"summary_large_image","twitter_misc":{"Est. reading time":"4 minutes"},"schema":{"@context":"https:\/\/schema.org","@graph":[{"@type":"WebPage","@id":"https:\/\/www.zubakgrupa.hr\/en\/blog\/ajdin-memisevic-karate-guy-oryx-assistance\/","url":"https:\/\/www.zubakgrupa.hr\/en\/blog\/ajdin-memisevic-karate-guy-oryx-assistance\/","name":"Ajdin Memi\u0161evi\u0107, ORYX Assistance' kind hearted karate guy | Zubak Grupa","isPartOf":{"@id":"https:\/\/www.zubakgrupa.hr\/#website"},"primaryImageOfPage":{"@id":"https:\/\/www.zubakgrupa.hr\/en\/blog\/ajdin-memisevic-karate-guy-oryx-assistance\/#primaryimage"},"image":{"@id":"https:\/\/www.zubakgrupa.hr\/en\/blog\/ajdin-memisevic-karate-guy-oryx-assistance\/#primaryimage"},"thumbnailUrl":"https:\/\/www.zubakgrupa.hr\/wp-content\/uploads\/2023\/05\/PXL_150622_94073487.jpg","datePublished":"2023-05-17T10:26:35+00:00","dateModified":"2023-05-17T11:19:16+00:00","description":"Osim odli\u010dnih prodajnih sposobnosti, malo tko zna da je ovaj 32-godi\u0161nji Sarajlija biv\u0161i karatist, i to nagra\u0111ivani! Sjeli smo s njim jedan dan i saznali \u0161to ga pokre\u0107e.","breadcrumb":{"@id":"https:\/\/www.zubakgrupa.hr\/en\/blog\/ajdin-memisevic-karate-guy-oryx-assistance\/#breadcrumb"},"inLanguage":"en-US","potentialAction":[{"@type":"ReadAction","target":["https:\/\/www.zubakgrupa.hr\/en\/blog\/ajdin-memisevic-karate-guy-oryx-assistance\/"]}]},{"@type":"ImageObject","inLanguage":"en-US","@id":"https:\/\/www.zubakgrupa.hr\/en\/blog\/ajdin-memisevic-karate-guy-oryx-assistance\/#primaryimage","url":"https:\/\/www.zubakgrupa.hr\/wp-content\/uploads\/2023\/05\/PXL_150622_94073487.jpg","contentUrl":"https:\/\/www.zubakgrupa.hr\/wp-content\/uploads\/2023\/05\/PXL_150622_94073487.jpg","width":2000,"height":1333},{"@type":"BreadcrumbList","@id":"https:\/\/www.zubakgrupa.hr\/en\/blog\/ajdin-memisevic-karate-guy-oryx-assistance\/#breadcrumb","itemListElement":[{"@type":"ListItem","position":1,"name":"Po\u010detna stranica","item":"https:\/\/www.zubakgrupa.hr\/en\/"},{"@type":"ListItem","position":2,"name":"Ajdin Memi\u0161evi\u0107, ORYX Assistance&#8217; kind hearted karate guy"}]},{"@type":"WebSite","@id":"https:\/\/www.zubakgrupa.hr\/#website","url":"https:\/\/www.zubakgrupa.hr\/","name":"Zubak Grupa","description":"Zubak Grupa zapo\u010dela je radom prije vi\u0161e od 40 godina kao mala automehani\u010darska radionica, a danas broji vi\u0161e od 600 zaposlenika...","publisher":{"@id":"https:\/\/www.zubakgrupa.hr\/#organization"},"potentialAction":[{"@type":"SearchAction","target":{"@type":"EntryPoint","urlTemplate":"https:\/\/www.zubakgrupa.hr\/?s={search_term_string}"},"query-input":{"@type":"PropertyValueSpecification","valueRequired":true,"valueName":"search_term_string"}}],"inLanguage":"en-US"},{"@type":"Organization","@id":"https:\/\/www.zubakgrupa.hr\/#organization","name":"Zubak Grupa","url":"https:\/\/www.zubakgrupa.hr\/","logo":{"@type":"ImageObject","inLanguage":"en-US","@id":"https:\/\/www.zubakgrupa.hr\/#\/schema\/logo\/image\/","url":"https:\/\/www.zubakgrupa.hr\/wp-content\/uploads\/2022\/04\/Zubak_Grupa.png","contentUrl":"https:\/\/www.zubakgrupa.hr\/wp-content\/uploads\/2022\/04\/Zubak_Grupa.png","width":1366,"height":768,"caption":"Zubak Grupa"},"image":{"@id":"https:\/\/www.zubakgrupa.hr\/#\/schema\/logo\/image\/"}}]}},"_links":{"self":[{"href":"https:\/\/www.zubakgrupa.hr\/en\/wp-json\/wp\/v2\/blog\/30069","targetHints":{"allow":["GET"]}}],"collection":[{"href":"https:\/\/www.zubakgrupa.hr\/en\/wp-json\/wp\/v2\/blog"}],"about":[{"href":"https:\/\/www.zubakgrupa.hr\/en\/wp-json\/wp\/v2\/types\/blog"}],"wp:featuredmedia":[{"embeddable":true,"href":"https:\/\/www.zubakgrupa.hr\/en\/wp-json\/wp\/v2\/media\/30067"}],"wp:attachment":[{"href":"https:\/\/www.zubakgrupa.hr\/en\/wp-json\/wp\/v2\/media?parent=30069"}],"curies":[{"name":"wp","href":"https:\/\/api.w.org\/{rel}","templated":true}]}}