{"id":14688,"date":"2022-12-22T09:59:13","date_gmt":"2022-12-22T09:59:13","guid":{"rendered":"https:\/\/www.zubakgrupa.hr\/uncategorized\/zubak-grupa-donirala-osnovnu-skolu-za-ucenike-s-intelektualnim-teskocama\/"},"modified":"2022-12-22T11:05:37","modified_gmt":"2022-12-22T11:05:37","slug":"zubak-grupa-donated-students-with-intellectual-disabilities","status":"publish","type":"post","link":"https:\/\/www.zubakgrupa.hr\/en\/news\/zubak-grupa\/zubak-grupa-donated-students-with-intellectual-disabilities\/","title":{"rendered":"Zubak Grupa donated students with intellectual disabilities"},"content":{"rendered":"","protected":false},"excerpt":{"rendered":"","protected":false},"author":5,"featured_media":14674,"comment_status":"open","ping_status":"open","sticky":false,"template":"","format":"standard","meta":{"_acf_changed":false,"footnotes":""},"categories":[40],"tags":[],"class_list":["post-14688","post","type-post","status-publish","format-standard","has-post-thumbnail","hentry","category-zubak-grupa"],"acf":[],"yoast_head":"<!-- This site is optimized with the Yoast SEO plugin v26.1.1 - https:\/\/yoast.com\/wordpress\/plugins\/seo\/ -->\n<title>Zubak Grupa donated students with intellectual disabilities | Zubak Grupa<\/title>\n<meta name=\"description\" content=\"200 students are currently enrolled in the school year 2022\/23. in a special program. The school&#039;s exceptional quality has been crowned with the Povelja Grada Zagreba\" \/>\n<meta name=\"robots\" content=\"index, follow, max-snippet:-1, max-image-preview:large, max-video-preview:-1\" \/>\n<link rel=\"canonical\" href=\"https:\/\/www.zubakgrupa.hr\/en\/news\/zubak-grupa\/zubak-grupa-donated-students-with-intellectual-disabilities\/\" \/>\n<meta property=\"og:locale\" content=\"en_US\" \/>\n<meta property=\"og:type\" content=\"article\" \/>\n<meta property=\"og:title\" content=\"Zubak Grupa donated students with intellectual disabilities\" \/>\n<meta property=\"og:description\" content=\"200 students are currently enrolled in the school year 2022\/23. in a special program. The school&#039;s exceptional quality has been crowned with the Povelja Grada Zagreba...\" \/>\n<meta property=\"og:url\" content=\"https:\/\/www.zubakgrupa.hr\/en\/news\/zubak-grupa\/zubak-grupa-donated-students-with-intellectual-disabilities\/\" \/>\n<meta property=\"og:site_name\" content=\"Zubak Grupa\" \/>\n<meta property=\"article:published_time\" content=\"2022-12-22T09:59:13+00:00\" \/>\n<meta property=\"article:modified_time\" content=\"2022-12-22T11:05:37+00:00\" \/>\n<meta property=\"og:image\" content=\"https:\/\/www.zubakgrupa.hr\/wp-content\/uploads\/2022\/12\/iStock-1336700364-scaled.jpg\" \/>\n\t<meta property=\"og:image:width\" content=\"2560\" \/>\n\t<meta property=\"og:image:height\" content=\"1042\" \/>\n\t<meta property=\"og:image:type\" content=\"image\/jpeg\" \/>\n<meta name=\"author\" content=\"ivana.petrovic\" \/>\n<meta name=\"twitter:card\" content=\"summary_large_image\" \/>\n<meta name=\"twitter:label1\" content=\"Written by\" \/>\n\t<meta name=\"twitter:data1\" content=\"ivana.petrovic\" \/>\n<script type=\"application\/ld+json\" class=\"yoast-schema-graph\">{\"@context\":\"https:\/\/schema.org\",\"@graph\":[{\"@type\":\"Article\",\"@id\":\"https:\/\/www.zubakgrupa.hr\/en\/news\/zubak-grupa\/zubak-grupa-donated-students-with-intellectual-disabilities\/#article\",\"isPartOf\":{\"@id\":\"https:\/\/www.zubakgrupa.hr\/en\/news\/zubak-grupa\/zubak-grupa-donated-students-with-intellectual-disabilities\/\"},\"author\":{\"name\":\"ivana.petrovic\",\"@id\":\"https:\/\/www.zubakgrupa.hr\/#\/schema\/person\/6dfd4cd6eb5fc874dc6f11f68a6e7011\"},\"headline\":\"Zubak Grupa donated students with intellectual disabilities\",\"datePublished\":\"2022-12-22T09:59:13+00:00\",\"dateModified\":\"2022-12-22T11:05:37+00:00\",\"mainEntityOfPage\":{\"@id\":\"https:\/\/www.zubakgrupa.hr\/en\/news\/zubak-grupa\/zubak-grupa-donated-students-with-intellectual-disabilities\/\"},\"wordCount\":7,\"commentCount\":0,\"publisher\":{\"@id\":\"https:\/\/www.zubakgrupa.hr\/#organization\"},\"image\":{\"@id\":\"https:\/\/www.zubakgrupa.hr\/en\/news\/zubak-grupa\/zubak-grupa-donated-students-with-intellectual-disabilities\/#primaryimage\"},\"thumbnailUrl\":\"https:\/\/www.zubakgrupa.hr\/wp-content\/uploads\/2022\/12\/iStock-1336700364-scaled.jpg\",\"articleSection\":[\"Zubak Grupa\"],\"inLanguage\":\"en-US\",\"potentialAction\":[{\"@type\":\"CommentAction\",\"name\":\"Comment\",\"target\":[\"https:\/\/www.zubakgrupa.hr\/en\/news\/zubak-grupa\/zubak-grupa-donated-students-with-intellectual-disabilities\/#respond\"]}]},{\"@type\":\"WebPage\",\"@id\":\"https:\/\/www.zubakgrupa.hr\/en\/news\/zubak-grupa\/zubak-grupa-donated-students-with-intellectual-disabilities\/\",\"url\":\"https:\/\/www.zubakgrupa.hr\/en\/news\/zubak-grupa\/zubak-grupa-donated-students-with-intellectual-disabilities\/\",\"name\":\"Zubak Grupa donated students with intellectual disabilities | Zubak Grupa\",\"isPartOf\":{\"@id\":\"https:\/\/www.zubakgrupa.hr\/#website\"},\"primaryImageOfPage\":{\"@id\":\"https:\/\/www.zubakgrupa.hr\/en\/news\/zubak-grupa\/zubak-grupa-donated-students-with-intellectual-disabilities\/#primaryimage\"},\"image\":{\"@id\":\"https:\/\/www.zubakgrupa.hr\/en\/news\/zubak-grupa\/zubak-grupa-donated-students-with-intellectual-disabilities\/#primaryimage\"},\"thumbnailUrl\":\"https:\/\/www.zubakgrupa.hr\/wp-content\/uploads\/2022\/12\/iStock-1336700364-scaled.jpg\",\"datePublished\":\"2022-12-22T09:59:13+00:00\",\"dateModified\":\"2022-12-22T11:05:37+00:00\",\"description\":\"200 students are currently enrolled in the school year 2022\/23. in a special program. The school's exceptional quality has been crowned with the Povelja Grada Zagreba\",\"breadcrumb\":{\"@id\":\"https:\/\/www.zubakgrupa.hr\/en\/news\/zubak-grupa\/zubak-grupa-donated-students-with-intellectual-disabilities\/#breadcrumb\"},\"inLanguage\":\"en-US\",\"potentialAction\":[{\"@type\":\"ReadAction\",\"target\":[\"https:\/\/www.zubakgrupa.hr\/en\/news\/zubak-grupa\/zubak-grupa-donated-students-with-intellectual-disabilities\/\"]}]},{\"@type\":\"ImageObject\",\"inLanguage\":\"en-US\",\"@id\":\"https:\/\/www.zubakgrupa.hr\/en\/news\/zubak-grupa\/zubak-grupa-donated-students-with-intellectual-disabilities\/#primaryimage\",\"url\":\"https:\/\/www.zubakgrupa.hr\/wp-content\/uploads\/2022\/12\/iStock-1336700364-scaled.jpg\",\"contentUrl\":\"https:\/\/www.zubakgrupa.hr\/wp-content\/uploads\/2022\/12\/iStock-1336700364-scaled.jpg\",\"width\":2560,\"height\":1042,\"caption\":\"A hand gives a red heart to another. Love, health, blood donation, gift, charity concept.\"},{\"@type\":\"BreadcrumbList\",\"@id\":\"https:\/\/www.zubakgrupa.hr\/en\/news\/zubak-grupa\/zubak-grupa-donated-students-with-intellectual-disabilities\/#breadcrumb\",\"itemListElement\":[{\"@type\":\"ListItem\",\"position\":1,\"name\":\"Po\u010detna stranica\",\"item\":\"https:\/\/www.zubakgrupa.hr\/en\/\"},{\"@type\":\"ListItem\",\"position\":2,\"name\":\"Zubak Grupa donated students with intellectual disabilities\"}]},{\"@type\":\"WebSite\",\"@id\":\"https:\/\/www.zubakgrupa.hr\/#website\",\"url\":\"https:\/\/www.zubakgrupa.hr\/\",\"name\":\"Zubak Grupa\",\"description\":\"Zubak Grupa zapo\u010dela je radom prije vi\u0161e od 40 godina kao mala automehani\u010darska radionica, a danas broji vi\u0161e od 600 zaposlenika...\",\"publisher\":{\"@id\":\"https:\/\/www.zubakgrupa.hr\/#organization\"},\"potentialAction\":[{\"@type\":\"SearchAction\",\"target\":{\"@type\":\"EntryPoint\",\"urlTemplate\":\"https:\/\/www.zubakgrupa.hr\/?s={search_term_string}\"},\"query-input\":{\"@type\":\"PropertyValueSpecification\",\"valueRequired\":true,\"valueName\":\"search_term_string\"}}],\"inLanguage\":\"en-US\"},{\"@type\":\"Organization\",\"@id\":\"https:\/\/www.zubakgrupa.hr\/#organization\",\"name\":\"Zubak Grupa\",\"url\":\"https:\/\/www.zubakgrupa.hr\/\",\"logo\":{\"@type\":\"ImageObject\",\"inLanguage\":\"en-US\",\"@id\":\"https:\/\/www.zubakgrupa.hr\/#\/schema\/logo\/image\/\",\"url\":\"https:\/\/www.zubakgrupa.hr\/wp-content\/uploads\/2022\/04\/Zubak_Grupa.png\",\"contentUrl\":\"https:\/\/www.zubakgrupa.hr\/wp-content\/uploads\/2022\/04\/Zubak_Grupa.png\",\"width\":1366,\"height\":768,\"caption\":\"Zubak Grupa\"},\"image\":{\"@id\":\"https:\/\/www.zubakgrupa.hr\/#\/schema\/logo\/image\/\"}},{\"@type\":\"Person\",\"@id\":\"https:\/\/www.zubakgrupa.hr\/#\/schema\/person\/6dfd4cd6eb5fc874dc6f11f68a6e7011\",\"name\":\"ivana.petrovic\",\"image\":{\"@type\":\"ImageObject\",\"inLanguage\":\"en-US\",\"@id\":\"https:\/\/www.zubakgrupa.hr\/#\/schema\/person\/image\/\",\"url\":\"https:\/\/secure.gravatar.com\/avatar\/79a0111e088f6ffb6288a8d8edf12f6e?s=96&d=mm&r=g\",\"contentUrl\":\"https:\/\/secure.gravatar.com\/avatar\/79a0111e088f6ffb6288a8d8edf12f6e?s=96&d=mm&r=g\",\"caption\":\"ivana.petrovic\"},\"url\":\"https:\/\/www.zubakgrupa.hr\/en\/author\/ivana-petrovic\/\"}]}<\/script>\n<!-- \/ Yoast SEO plugin. -->","yoast_head_json":{"title":"Zubak Grupa donated students with intellectual disabilities | Zubak Grupa","description":"200 students are currently enrolled in the school year 2022\/23. in a special program. The school's exceptional quality has been crowned with the Povelja Grada Zagreba","robots":{"index":"index","follow":"follow","max-snippet":"max-snippet:-1","max-image-preview":"max-image-preview:large","max-video-preview":"max-video-preview:-1"},"canonical":"https:\/\/www.zubakgrupa.hr\/en\/news\/zubak-grupa\/zubak-grupa-donated-students-with-intellectual-disabilities\/","og_locale":"en_US","og_type":"article","og_title":"Zubak Grupa donated students with intellectual disabilities","og_description":"200 students are currently enrolled in the school year 2022\/23. in a special program. The school's exceptional quality has been crowned with the Povelja Grada Zagreba...","og_url":"https:\/\/www.zubakgrupa.hr\/en\/news\/zubak-grupa\/zubak-grupa-donated-students-with-intellectual-disabilities\/","og_site_name":"Zubak Grupa","article_published_time":"2022-12-22T09:59:13+00:00","article_modified_time":"2022-12-22T11:05:37+00:00","og_image":[{"width":2560,"height":1042,"url":"https:\/\/www.zubakgrupa.hr\/wp-content\/uploads\/2022\/12\/iStock-1336700364-scaled.jpg","type":"image\/jpeg"}],"author":"ivana.petrovic","twitter_card":"summary_large_image","twitter_misc":{"Written by":"ivana.petrovic"},"schema":{"@context":"https:\/\/schema.org","@graph":[{"@type":"Article","@id":"https:\/\/www.zubakgrupa.hr\/en\/news\/zubak-grupa\/zubak-grupa-donated-students-with-intellectual-disabilities\/#article","isPartOf":{"@id":"https:\/\/www.zubakgrupa.hr\/en\/news\/zubak-grupa\/zubak-grupa-donated-students-with-intellectual-disabilities\/"},"author":{"name":"ivana.petrovic","@id":"https:\/\/www.zubakgrupa.hr\/#\/schema\/person\/6dfd4cd6eb5fc874dc6f11f68a6e7011"},"headline":"Zubak Grupa donated students with intellectual disabilities","datePublished":"2022-12-22T09:59:13+00:00","dateModified":"2022-12-22T11:05:37+00:00","mainEntityOfPage":{"@id":"https:\/\/www.zubakgrupa.hr\/en\/news\/zubak-grupa\/zubak-grupa-donated-students-with-intellectual-disabilities\/"},"wordCount":7,"commentCount":0,"publisher":{"@id":"https:\/\/www.zubakgrupa.hr\/#organization"},"image":{"@id":"https:\/\/www.zubakgrupa.hr\/en\/news\/zubak-grupa\/zubak-grupa-donated-students-with-intellectual-disabilities\/#primaryimage"},"thumbnailUrl":"https:\/\/www.zubakgrupa.hr\/wp-content\/uploads\/2022\/12\/iStock-1336700364-scaled.jpg","articleSection":["Zubak Grupa"],"inLanguage":"en-US","potentialAction":[{"@type":"CommentAction","name":"Comment","target":["https:\/\/www.zubakgrupa.hr\/en\/news\/zubak-grupa\/zubak-grupa-donated-students-with-intellectual-disabilities\/#respond"]}]},{"@type":"WebPage","@id":"https:\/\/www.zubakgrupa.hr\/en\/news\/zubak-grupa\/zubak-grupa-donated-students-with-intellectual-disabilities\/","url":"https:\/\/www.zubakgrupa.hr\/en\/news\/zubak-grupa\/zubak-grupa-donated-students-with-intellectual-disabilities\/","name":"Zubak Grupa donated students with intellectual disabilities | Zubak Grupa","isPartOf":{"@id":"https:\/\/www.zubakgrupa.hr\/#website"},"primaryImageOfPage":{"@id":"https:\/\/www.zubakgrupa.hr\/en\/news\/zubak-grupa\/zubak-grupa-donated-students-with-intellectual-disabilities\/#primaryimage"},"image":{"@id":"https:\/\/www.zubakgrupa.hr\/en\/news\/zubak-grupa\/zubak-grupa-donated-students-with-intellectual-disabilities\/#primaryimage"},"thumbnailUrl":"https:\/\/www.zubakgrupa.hr\/wp-content\/uploads\/2022\/12\/iStock-1336700364-scaled.jpg","datePublished":"2022-12-22T09:59:13+00:00","dateModified":"2022-12-22T11:05:37+00:00","description":"200 students are currently enrolled in the school year 2022\/23. in a special program. The school's exceptional quality has been crowned with the Povelja Grada Zagreba","breadcrumb":{"@id":"https:\/\/www.zubakgrupa.hr\/en\/news\/zubak-grupa\/zubak-grupa-donated-students-with-intellectual-disabilities\/#breadcrumb"},"inLanguage":"en-US","potentialAction":[{"@type":"ReadAction","target":["https:\/\/www.zubakgrupa.hr\/en\/news\/zubak-grupa\/zubak-grupa-donated-students-with-intellectual-disabilities\/"]}]},{"@type":"ImageObject","inLanguage":"en-US","@id":"https:\/\/www.zubakgrupa.hr\/en\/news\/zubak-grupa\/zubak-grupa-donated-students-with-intellectual-disabilities\/#primaryimage","url":"https:\/\/www.zubakgrupa.hr\/wp-content\/uploads\/2022\/12\/iStock-1336700364-scaled.jpg","contentUrl":"https:\/\/www.zubakgrupa.hr\/wp-content\/uploads\/2022\/12\/iStock-1336700364-scaled.jpg","width":2560,"height":1042,"caption":"A hand gives a red heart to another. Love, health, blood donation, gift, charity concept."},{"@type":"BreadcrumbList","@id":"https:\/\/www.zubakgrupa.hr\/en\/news\/zubak-grupa\/zubak-grupa-donated-students-with-intellectual-disabilities\/#breadcrumb","itemListElement":[{"@type":"ListItem","position":1,"name":"Po\u010detna stranica","item":"https:\/\/www.zubakgrupa.hr\/en\/"},{"@type":"ListItem","position":2,"name":"Zubak Grupa donated students with intellectual disabilities"}]},{"@type":"WebSite","@id":"https:\/\/www.zubakgrupa.hr\/#website","url":"https:\/\/www.zubakgrupa.hr\/","name":"Zubak Grupa","description":"Zubak Grupa zapo\u010dela je radom prije vi\u0161e od 40 godina kao mala automehani\u010darska radionica, a danas broji vi\u0161e od 600 zaposlenika...","publisher":{"@id":"https:\/\/www.zubakgrupa.hr\/#organization"},"potentialAction":[{"@type":"SearchAction","target":{"@type":"EntryPoint","urlTemplate":"https:\/\/www.zubakgrupa.hr\/?s={search_term_string}"},"query-input":{"@type":"PropertyValueSpecification","valueRequired":true,"valueName":"search_term_string"}}],"inLanguage":"en-US"},{"@type":"Organization","@id":"https:\/\/www.zubakgrupa.hr\/#organization","name":"Zubak Grupa","url":"https:\/\/www.zubakgrupa.hr\/","logo":{"@type":"ImageObject","inLanguage":"en-US","@id":"https:\/\/www.zubakgrupa.hr\/#\/schema\/logo\/image\/","url":"https:\/\/www.zubakgrupa.hr\/wp-content\/uploads\/2022\/04\/Zubak_Grupa.png","contentUrl":"https:\/\/www.zubakgrupa.hr\/wp-content\/uploads\/2022\/04\/Zubak_Grupa.png","width":1366,"height":768,"caption":"Zubak Grupa"},"image":{"@id":"https:\/\/www.zubakgrupa.hr\/#\/schema\/logo\/image\/"}},{"@type":"Person","@id":"https:\/\/www.zubakgrupa.hr\/#\/schema\/person\/6dfd4cd6eb5fc874dc6f11f68a6e7011","name":"ivana.petrovic","image":{"@type":"ImageObject","inLanguage":"en-US","@id":"https:\/\/www.zubakgrupa.hr\/#\/schema\/person\/image\/","url":"https:\/\/secure.gravatar.com\/avatar\/79a0111e088f6ffb6288a8d8edf12f6e?s=96&d=mm&r=g","contentUrl":"https:\/\/secure.gravatar.com\/avatar\/79a0111e088f6ffb6288a8d8edf12f6e?s=96&d=mm&r=g","caption":"ivana.petrovic"},"url":"https:\/\/www.zubakgrupa.hr\/en\/author\/ivana-petrovic\/"}]}},"_links":{"self":[{"href":"https:\/\/www.zubakgrupa.hr\/en\/wp-json\/wp\/v2\/posts\/14688","targetHints":{"allow":["GET"]}}],"collection":[{"href":"https:\/\/www.zubakgrupa.hr\/en\/wp-json\/wp\/v2\/posts"}],"about":[{"href":"https:\/\/www.zubakgrupa.hr\/en\/wp-json\/wp\/v2\/types\/post"}],"author":[{"embeddable":true,"href":"https:\/\/www.zubakgrupa.hr\/en\/wp-json\/wp\/v2\/users\/5"}],"replies":[{"embeddable":true,"href":"https:\/\/www.zubakgrupa.hr\/en\/wp-json\/wp\/v2\/comments?post=14688"}],"version-history":[{"count":3,"href":"https:\/\/www.zubakgrupa.hr\/en\/wp-json\/wp\/v2\/posts\/14688\/revisions"}],"predecessor-version":[{"id":14698,"href":"https:\/\/www.zubakgrupa.hr\/en\/wp-json\/wp\/v2\/posts\/14688\/revisions\/14698"}],"wp:featuredmedia":[{"embeddable":true,"href":"https:\/\/www.zubakgrupa.hr\/en\/wp-json\/wp\/v2\/media\/14674"}],"wp:attachment":[{"href":"https:\/\/www.zubakgrupa.hr\/en\/wp-json\/wp\/v2\/media?parent=14688"}],"wp:term":[{"taxonomy":"category","embeddable":true,"href":"https:\/\/www.zubakgrupa.hr\/en\/wp-json\/wp\/v2\/categories?post=14688"},{"taxonomy":"post_tag","embeddable":true,"href":"https:\/\/www.zubakgrupa.hr\/en\/wp-json\/wp\/v2\/tags?post=14688"}],"curies":[{"name":"wp","href":"https:\/\/api.w.org\/{rel}","templated":true}]}}