{"id":15526,"date":"2023-01-16T09:27:25","date_gmt":"2023-01-16T09:27:25","guid":{"rendered":"https:\/\/www.zubakgrupa.hr\/uncategorized\/dan-automehanicara-vozaca-2023\/"},"modified":"2023-01-16T10:02:06","modified_gmt":"2023-01-16T10:02:06","slug":"international-day-of-automechanics-and-drivers-2023","status":"publish","type":"post","link":"https:\/\/www.zubakgrupa.hr\/en\/news\/zubak-grupa\/international-day-of-automechanics-and-drivers-2023\/","title":{"rendered":"International day of automechanics and drivers 2023"},"content":{"rendered":"","protected":false},"excerpt":{"rendered":"","protected":false},"author":5,"featured_media":15496,"comment_status":"open","ping_status":"open","sticky":false,"template":"","format":"standard","meta":{"_acf_changed":false,"footnotes":""},"categories":[40],"tags":[],"class_list":["post-15526","post","type-post","status-publish","format-standard","has-post-thumbnail","hentry","category-zubak-grupa"],"acf":[],"yoast_head":"<!-- This site is optimized with the Yoast SEO plugin v26.1.1 - https:\/\/yoast.com\/wordpress\/plugins\/seo\/ -->\n<title>International day of automechanics and drivers 2023 | Zubak Grupa<\/title>\n<meta name=\"description\" content=\"Zubak Grupa U Zubak Grupi svake godine obilje\u017eavamo 15. sije\u010dnja, Dan automehani\u010dara i voza\u010da. Visok nivo kvalitete, brzine i profesionalnosti dugujemo ba\u0161 na\u0161im ugovornim suradnicima...\" \/>\n<meta name=\"robots\" content=\"index, follow, max-snippet:-1, max-image-preview:large, max-video-preview:-1\" \/>\n<link rel=\"canonical\" href=\"https:\/\/www.zubakgrupa.hr\/en\/news\/zubak-grupa\/international-day-of-automechanics-and-drivers-2023\/\" \/>\n<meta property=\"og:locale\" content=\"en_US\" \/>\n<meta property=\"og:type\" content=\"article\" \/>\n<meta property=\"og:title\" content=\"Me\u0111unarodni dan automehani\u010dara i voza\u010da 2023\" \/>\n<meta property=\"og:description\" content=\"U Zubak Grupi svake godine obilje\u017eavamo 15. sije\u010dnja, Dan automehani\u010dara i voza\u010da. Visok nivo kvalitete, brzine i profesionalnosti dugujemo ba\u0161 na\u0161im ugovornim suradnicima...\" \/>\n<meta property=\"og:url\" content=\"https:\/\/www.zubakgrupa.hr\/en\/news\/zubak-grupa\/international-day-of-automechanics-and-drivers-2023\/\" \/>\n<meta property=\"og:site_name\" content=\"Zubak Grupa\" \/>\n<meta property=\"article:published_time\" content=\"2023-01-16T09:27:25+00:00\" \/>\n<meta property=\"article:modified_time\" content=\"2023-01-16T10:02:06+00:00\" \/>\n<meta property=\"og:image\" content=\"https:\/\/www.zubakgrupa.hr\/wp-content\/uploads\/2023\/01\/zubak_igs_10012342009.jpg\" \/>\n\t<meta property=\"og:image:width\" content=\"2092\" \/>\n\t<meta property=\"og:image:height\" content=\"1455\" \/>\n\t<meta property=\"og:image:type\" content=\"image\/jpeg\" \/>\n<meta name=\"author\" content=\"ivana.petrovic\" \/>\n<meta name=\"twitter:card\" content=\"summary_large_image\" \/>\n<meta name=\"twitter:label1\" content=\"Written by\" \/>\n\t<meta name=\"twitter:data1\" content=\"ivana.petrovic\" \/>\n<script type=\"application\/ld+json\" class=\"yoast-schema-graph\">{\"@context\":\"https:\/\/schema.org\",\"@graph\":[{\"@type\":\"Article\",\"@id\":\"https:\/\/www.zubakgrupa.hr\/en\/news\/zubak-grupa\/international-day-of-automechanics-and-drivers-2023\/#article\",\"isPartOf\":{\"@id\":\"https:\/\/www.zubakgrupa.hr\/en\/news\/zubak-grupa\/international-day-of-automechanics-and-drivers-2023\/\"},\"author\":{\"name\":\"ivana.petrovic\",\"@id\":\"https:\/\/www.zubakgrupa.hr\/#\/schema\/person\/6dfd4cd6eb5fc874dc6f11f68a6e7011\"},\"headline\":\"International day of automechanics and drivers 2023\",\"datePublished\":\"2023-01-16T09:27:25+00:00\",\"dateModified\":\"2023-01-16T10:02:06+00:00\",\"mainEntityOfPage\":{\"@id\":\"https:\/\/www.zubakgrupa.hr\/en\/news\/zubak-grupa\/international-day-of-automechanics-and-drivers-2023\/\"},\"wordCount\":6,\"commentCount\":0,\"publisher\":{\"@id\":\"https:\/\/www.zubakgrupa.hr\/#organization\"},\"image\":{\"@id\":\"https:\/\/www.zubakgrupa.hr\/en\/news\/zubak-grupa\/international-day-of-automechanics-and-drivers-2023\/#primaryimage\"},\"thumbnailUrl\":\"https:\/\/www.zubakgrupa.hr\/wp-content\/uploads\/2023\/01\/PXL_170621_33289804.jpg\",\"articleSection\":[\"Zubak Grupa\"],\"inLanguage\":\"en-US\",\"potentialAction\":[{\"@type\":\"CommentAction\",\"name\":\"Comment\",\"target\":[\"https:\/\/www.zubakgrupa.hr\/en\/news\/zubak-grupa\/international-day-of-automechanics-and-drivers-2023\/#respond\"]}]},{\"@type\":\"WebPage\",\"@id\":\"https:\/\/www.zubakgrupa.hr\/en\/news\/zubak-grupa\/international-day-of-automechanics-and-drivers-2023\/\",\"url\":\"https:\/\/www.zubakgrupa.hr\/en\/news\/zubak-grupa\/international-day-of-automechanics-and-drivers-2023\/\",\"name\":\"International day of automechanics and drivers 2023 | Zubak Grupa\",\"isPartOf\":{\"@id\":\"https:\/\/www.zubakgrupa.hr\/#website\"},\"primaryImageOfPage\":{\"@id\":\"https:\/\/www.zubakgrupa.hr\/en\/news\/zubak-grupa\/international-day-of-automechanics-and-drivers-2023\/#primaryimage\"},\"image\":{\"@id\":\"https:\/\/www.zubakgrupa.hr\/en\/news\/zubak-grupa\/international-day-of-automechanics-and-drivers-2023\/#primaryimage\"},\"thumbnailUrl\":\"https:\/\/www.zubakgrupa.hr\/wp-content\/uploads\/2023\/01\/PXL_170621_33289804.jpg\",\"datePublished\":\"2023-01-16T09:27:25+00:00\",\"dateModified\":\"2023-01-16T10:02:06+00:00\",\"description\":\"Zubak Grupa U Zubak Grupi svake godine obilje\u017eavamo 15. sije\u010dnja, Dan automehani\u010dara i voza\u010da. Visok nivo kvalitete, brzine i profesionalnosti dugujemo ba\u0161 na\u0161im ugovornim suradnicima...\",\"breadcrumb\":{\"@id\":\"https:\/\/www.zubakgrupa.hr\/en\/news\/zubak-grupa\/international-day-of-automechanics-and-drivers-2023\/#breadcrumb\"},\"inLanguage\":\"en-US\",\"potentialAction\":[{\"@type\":\"ReadAction\",\"target\":[\"https:\/\/www.zubakgrupa.hr\/en\/news\/zubak-grupa\/international-day-of-automechanics-and-drivers-2023\/\"]}]},{\"@type\":\"ImageObject\",\"inLanguage\":\"en-US\",\"@id\":\"https:\/\/www.zubakgrupa.hr\/en\/news\/zubak-grupa\/international-day-of-automechanics-and-drivers-2023\/#primaryimage\",\"url\":\"https:\/\/www.zubakgrupa.hr\/wp-content\/uploads\/2023\/01\/PXL_170621_33289804.jpg\",\"contentUrl\":\"https:\/\/www.zubakgrupa.hr\/wp-content\/uploads\/2023\/01\/PXL_170621_33289804.jpg\",\"width\":1600,\"height\":1065},{\"@type\":\"BreadcrumbList\",\"@id\":\"https:\/\/www.zubakgrupa.hr\/en\/news\/zubak-grupa\/international-day-of-automechanics-and-drivers-2023\/#breadcrumb\",\"itemListElement\":[{\"@type\":\"ListItem\",\"position\":1,\"name\":\"Po\u010detna stranica\",\"item\":\"https:\/\/www.zubakgrupa.hr\/en\/\"},{\"@type\":\"ListItem\",\"position\":2,\"name\":\"International day of automechanics and drivers 2023\"}]},{\"@type\":\"WebSite\",\"@id\":\"https:\/\/www.zubakgrupa.hr\/#website\",\"url\":\"https:\/\/www.zubakgrupa.hr\/\",\"name\":\"Zubak Grupa\",\"description\":\"Zubak Grupa zapo\u010dela je radom prije vi\u0161e od 40 godina kao mala automehani\u010darska radionica, a danas broji vi\u0161e od 600 zaposlenika...\",\"publisher\":{\"@id\":\"https:\/\/www.zubakgrupa.hr\/#organization\"},\"potentialAction\":[{\"@type\":\"SearchAction\",\"target\":{\"@type\":\"EntryPoint\",\"urlTemplate\":\"https:\/\/www.zubakgrupa.hr\/?s={search_term_string}\"},\"query-input\":{\"@type\":\"PropertyValueSpecification\",\"valueRequired\":true,\"valueName\":\"search_term_string\"}}],\"inLanguage\":\"en-US\"},{\"@type\":\"Organization\",\"@id\":\"https:\/\/www.zubakgrupa.hr\/#organization\",\"name\":\"Zubak Grupa\",\"url\":\"https:\/\/www.zubakgrupa.hr\/\",\"logo\":{\"@type\":\"ImageObject\",\"inLanguage\":\"en-US\",\"@id\":\"https:\/\/www.zubakgrupa.hr\/#\/schema\/logo\/image\/\",\"url\":\"https:\/\/www.zubakgrupa.hr\/wp-content\/uploads\/2022\/04\/Zubak_Grupa.png\",\"contentUrl\":\"https:\/\/www.zubakgrupa.hr\/wp-content\/uploads\/2022\/04\/Zubak_Grupa.png\",\"width\":1366,\"height\":768,\"caption\":\"Zubak Grupa\"},\"image\":{\"@id\":\"https:\/\/www.zubakgrupa.hr\/#\/schema\/logo\/image\/\"}},{\"@type\":\"Person\",\"@id\":\"https:\/\/www.zubakgrupa.hr\/#\/schema\/person\/6dfd4cd6eb5fc874dc6f11f68a6e7011\",\"name\":\"ivana.petrovic\",\"image\":{\"@type\":\"ImageObject\",\"inLanguage\":\"en-US\",\"@id\":\"https:\/\/www.zubakgrupa.hr\/#\/schema\/person\/image\/\",\"url\":\"https:\/\/secure.gravatar.com\/avatar\/79a0111e088f6ffb6288a8d8edf12f6e?s=96&d=mm&r=g\",\"contentUrl\":\"https:\/\/secure.gravatar.com\/avatar\/79a0111e088f6ffb6288a8d8edf12f6e?s=96&d=mm&r=g\",\"caption\":\"ivana.petrovic\"},\"url\":\"https:\/\/www.zubakgrupa.hr\/en\/author\/ivana-petrovic\/\"}]}<\/script>\n<!-- \/ Yoast SEO plugin. -->","yoast_head_json":{"title":"International day of automechanics and drivers 2023 | Zubak Grupa","description":"Zubak Grupa U Zubak Grupi svake godine obilje\u017eavamo 15. sije\u010dnja, Dan automehani\u010dara i voza\u010da. Visok nivo kvalitete, brzine i profesionalnosti dugujemo ba\u0161 na\u0161im ugovornim suradnicima...","robots":{"index":"index","follow":"follow","max-snippet":"max-snippet:-1","max-image-preview":"max-image-preview:large","max-video-preview":"max-video-preview:-1"},"canonical":"https:\/\/www.zubakgrupa.hr\/en\/news\/zubak-grupa\/international-day-of-automechanics-and-drivers-2023\/","og_locale":"en_US","og_type":"article","og_title":"Me\u0111unarodni dan automehani\u010dara i voza\u010da 2023","og_description":"U Zubak Grupi svake godine obilje\u017eavamo 15. sije\u010dnja, Dan automehani\u010dara i voza\u010da. Visok nivo kvalitete, brzine i profesionalnosti dugujemo ba\u0161 na\u0161im ugovornim suradnicima...","og_url":"https:\/\/www.zubakgrupa.hr\/en\/news\/zubak-grupa\/international-day-of-automechanics-and-drivers-2023\/","og_site_name":"Zubak Grupa","article_published_time":"2023-01-16T09:27:25+00:00","article_modified_time":"2023-01-16T10:02:06+00:00","og_image":[{"width":2092,"height":1455,"url":"https:\/\/www.zubakgrupa.hr\/wp-content\/uploads\/2023\/01\/zubak_igs_10012342009.jpg","type":"image\/jpeg"}],"author":"ivana.petrovic","twitter_card":"summary_large_image","twitter_misc":{"Written by":"ivana.petrovic"},"schema":{"@context":"https:\/\/schema.org","@graph":[{"@type":"Article","@id":"https:\/\/www.zubakgrupa.hr\/en\/news\/zubak-grupa\/international-day-of-automechanics-and-drivers-2023\/#article","isPartOf":{"@id":"https:\/\/www.zubakgrupa.hr\/en\/news\/zubak-grupa\/international-day-of-automechanics-and-drivers-2023\/"},"author":{"name":"ivana.petrovic","@id":"https:\/\/www.zubakgrupa.hr\/#\/schema\/person\/6dfd4cd6eb5fc874dc6f11f68a6e7011"},"headline":"International day of automechanics and drivers 2023","datePublished":"2023-01-16T09:27:25+00:00","dateModified":"2023-01-16T10:02:06+00:00","mainEntityOfPage":{"@id":"https:\/\/www.zubakgrupa.hr\/en\/news\/zubak-grupa\/international-day-of-automechanics-and-drivers-2023\/"},"wordCount":6,"commentCount":0,"publisher":{"@id":"https:\/\/www.zubakgrupa.hr\/#organization"},"image":{"@id":"https:\/\/www.zubakgrupa.hr\/en\/news\/zubak-grupa\/international-day-of-automechanics-and-drivers-2023\/#primaryimage"},"thumbnailUrl":"https:\/\/www.zubakgrupa.hr\/wp-content\/uploads\/2023\/01\/PXL_170621_33289804.jpg","articleSection":["Zubak Grupa"],"inLanguage":"en-US","potentialAction":[{"@type":"CommentAction","name":"Comment","target":["https:\/\/www.zubakgrupa.hr\/en\/news\/zubak-grupa\/international-day-of-automechanics-and-drivers-2023\/#respond"]}]},{"@type":"WebPage","@id":"https:\/\/www.zubakgrupa.hr\/en\/news\/zubak-grupa\/international-day-of-automechanics-and-drivers-2023\/","url":"https:\/\/www.zubakgrupa.hr\/en\/news\/zubak-grupa\/international-day-of-automechanics-and-drivers-2023\/","name":"International day of automechanics and drivers 2023 | Zubak Grupa","isPartOf":{"@id":"https:\/\/www.zubakgrupa.hr\/#website"},"primaryImageOfPage":{"@id":"https:\/\/www.zubakgrupa.hr\/en\/news\/zubak-grupa\/international-day-of-automechanics-and-drivers-2023\/#primaryimage"},"image":{"@id":"https:\/\/www.zubakgrupa.hr\/en\/news\/zubak-grupa\/international-day-of-automechanics-and-drivers-2023\/#primaryimage"},"thumbnailUrl":"https:\/\/www.zubakgrupa.hr\/wp-content\/uploads\/2023\/01\/PXL_170621_33289804.jpg","datePublished":"2023-01-16T09:27:25+00:00","dateModified":"2023-01-16T10:02:06+00:00","description":"Zubak Grupa U Zubak Grupi svake godine obilje\u017eavamo 15. sije\u010dnja, Dan automehani\u010dara i voza\u010da. Visok nivo kvalitete, brzine i profesionalnosti dugujemo ba\u0161 na\u0161im ugovornim suradnicima...","breadcrumb":{"@id":"https:\/\/www.zubakgrupa.hr\/en\/news\/zubak-grupa\/international-day-of-automechanics-and-drivers-2023\/#breadcrumb"},"inLanguage":"en-US","potentialAction":[{"@type":"ReadAction","target":["https:\/\/www.zubakgrupa.hr\/en\/news\/zubak-grupa\/international-day-of-automechanics-and-drivers-2023\/"]}]},{"@type":"ImageObject","inLanguage":"en-US","@id":"https:\/\/www.zubakgrupa.hr\/en\/news\/zubak-grupa\/international-day-of-automechanics-and-drivers-2023\/#primaryimage","url":"https:\/\/www.zubakgrupa.hr\/wp-content\/uploads\/2023\/01\/PXL_170621_33289804.jpg","contentUrl":"https:\/\/www.zubakgrupa.hr\/wp-content\/uploads\/2023\/01\/PXL_170621_33289804.jpg","width":1600,"height":1065},{"@type":"BreadcrumbList","@id":"https:\/\/www.zubakgrupa.hr\/en\/news\/zubak-grupa\/international-day-of-automechanics-and-drivers-2023\/#breadcrumb","itemListElement":[{"@type":"ListItem","position":1,"name":"Po\u010detna stranica","item":"https:\/\/www.zubakgrupa.hr\/en\/"},{"@type":"ListItem","position":2,"name":"International day of automechanics and drivers 2023"}]},{"@type":"WebSite","@id":"https:\/\/www.zubakgrupa.hr\/#website","url":"https:\/\/www.zubakgrupa.hr\/","name":"Zubak Grupa","description":"Zubak Grupa zapo\u010dela je radom prije vi\u0161e od 40 godina kao mala automehani\u010darska radionica, a danas broji vi\u0161e od 600 zaposlenika...","publisher":{"@id":"https:\/\/www.zubakgrupa.hr\/#organization"},"potentialAction":[{"@type":"SearchAction","target":{"@type":"EntryPoint","urlTemplate":"https:\/\/www.zubakgrupa.hr\/?s={search_term_string}"},"query-input":{"@type":"PropertyValueSpecification","valueRequired":true,"valueName":"search_term_string"}}],"inLanguage":"en-US"},{"@type":"Organization","@id":"https:\/\/www.zubakgrupa.hr\/#organization","name":"Zubak Grupa","url":"https:\/\/www.zubakgrupa.hr\/","logo":{"@type":"ImageObject","inLanguage":"en-US","@id":"https:\/\/www.zubakgrupa.hr\/#\/schema\/logo\/image\/","url":"https:\/\/www.zubakgrupa.hr\/wp-content\/uploads\/2022\/04\/Zubak_Grupa.png","contentUrl":"https:\/\/www.zubakgrupa.hr\/wp-content\/uploads\/2022\/04\/Zubak_Grupa.png","width":1366,"height":768,"caption":"Zubak Grupa"},"image":{"@id":"https:\/\/www.zubakgrupa.hr\/#\/schema\/logo\/image\/"}},{"@type":"Person","@id":"https:\/\/www.zubakgrupa.hr\/#\/schema\/person\/6dfd4cd6eb5fc874dc6f11f68a6e7011","name":"ivana.petrovic","image":{"@type":"ImageObject","inLanguage":"en-US","@id":"https:\/\/www.zubakgrupa.hr\/#\/schema\/person\/image\/","url":"https:\/\/secure.gravatar.com\/avatar\/79a0111e088f6ffb6288a8d8edf12f6e?s=96&d=mm&r=g","contentUrl":"https:\/\/secure.gravatar.com\/avatar\/79a0111e088f6ffb6288a8d8edf12f6e?s=96&d=mm&r=g","caption":"ivana.petrovic"},"url":"https:\/\/www.zubakgrupa.hr\/en\/author\/ivana-petrovic\/"}]}},"_links":{"self":[{"href":"https:\/\/www.zubakgrupa.hr\/en\/wp-json\/wp\/v2\/posts\/15526","targetHints":{"allow":["GET"]}}],"collection":[{"href":"https:\/\/www.zubakgrupa.hr\/en\/wp-json\/wp\/v2\/posts"}],"about":[{"href":"https:\/\/www.zubakgrupa.hr\/en\/wp-json\/wp\/v2\/types\/post"}],"author":[{"embeddable":true,"href":"https:\/\/www.zubakgrupa.hr\/en\/wp-json\/wp\/v2\/users\/5"}],"replies":[{"embeddable":true,"href":"https:\/\/www.zubakgrupa.hr\/en\/wp-json\/wp\/v2\/comments?post=15526"}],"version-history":[{"count":2,"href":"https:\/\/www.zubakgrupa.hr\/en\/wp-json\/wp\/v2\/posts\/15526\/revisions"}],"predecessor-version":[{"id":15543,"href":"https:\/\/www.zubakgrupa.hr\/en\/wp-json\/wp\/v2\/posts\/15526\/revisions\/15543"}],"wp:featuredmedia":[{"embeddable":true,"href":"https:\/\/www.zubakgrupa.hr\/en\/wp-json\/wp\/v2\/media\/15496"}],"wp:attachment":[{"href":"https:\/\/www.zubakgrupa.hr\/en\/wp-json\/wp\/v2\/media?parent=15526"}],"wp:term":[{"taxonomy":"category","embeddable":true,"href":"https:\/\/www.zubakgrupa.hr\/en\/wp-json\/wp\/v2\/categories?post=15526"},{"taxonomy":"post_tag","embeddable":true,"href":"https:\/\/www.zubakgrupa.hr\/en\/wp-json\/wp\/v2\/tags?post=15526"}],"curies":[{"name":"wp","href":"https:\/\/api.w.org\/{rel}","templated":true}]}}